{"id":24325,"date":"2026-04-30T08:53:21","date_gmt":"2026-04-30T11:53:21","guid":{"rendered":"https:\/\/agricultura.sp.gov.br\/cati\/?p=24325"},"modified":"2026-04-30T08:53:21","modified_gmt":"2026-04-30T11:53:21","slug":"publicacao-tecnica-sobre-frutas-vermelhas-e-lancada-na-agrishow-2026","status":"publish","type":"post","link":"https:\/\/agricultura.sp.gov.br\/cati\/2026\/04\/30\/publicacao-tecnica-sobre-frutas-vermelhas-e-lancada-na-agrishow-2026\/","title":{"rendered":"Publica\u00e7\u00e3o t\u00e9cnica sobre frutas vermelhas \u00e9 lan\u00e7ada na Agrishow 2026"},"content":{"rendered":"\n<p class=\"has-text-align-center\"><em>Al\u00e9m dessa obra, a CATI est\u00e1 apresentando na feira diversos <\/em><a href=\"https:\/\/agricultura.sp.gov.br\/cati\/2026\/04\/24\/cati-projeta-inovacao-e-sustentabilidade-para-o-agronegocio-paulista-na-agrishow-2026\" target=\"_blank\" rel=\"noreferrer noopener\"><em>trabalhos voltados \u00e0 extens\u00e3o rural<\/em><\/a><\/p>\n\n\n\n<p>Na Agrishow 2026, maior feira do setor agr\u00edcola brasileiro, a Diretoria de Assist\u00eancia T\u00e9cnica Integral (CATI) lan\u00e7a hoje (30) o <em>e-book<\/em> \u201cFrutas Vermelhas \u2013 Cor, Sabor e Sa\u00fade\u201d, uma publica\u00e7\u00e3o t\u00e9cnica que apresenta um panorama completo sobre frutos silvestres, como: morango, amora, framboesa e mirtilo.<\/p>\n\n\n\n<p>Classificado no acerco bibliogr\u00e1fico do \u00f3rg\u00e3o da Secretaria de Agricultura e Abastecimento (SAA) do Estado de S\u00e3o Paulo como \u201cInstru\u00e7\u00e3o Pr\u00e1tica 281\u201d, o material destaca os benef\u00edcios nutricionais dessas frutas, que s\u00e3o conhecidas por suas cores vibrantes, sabor diferenciado \u2013 doce e ligeiramente \u00e1cido \u2013, al\u00e9m dos in\u00fameros benef\u00edcios \u00e0 sa\u00fade.<\/p>\n\n\n\n<p>Tamb\u00e9m chamadas por <em>berries<\/em> (em ingl\u00eas), elas s\u00e3o ricas em antioxidantes, que ajudam a combater os radicais livres no corpo e a prevenir o envelhecimento precoce; possuem grande quantidade de vitamina C, que fortalece o sistema imunol\u00f3gico, e fibras, que ajudam no bom funcionamento do intestino.<\/p>\n\n\n\n<p>\u201cFramboesa, amora e mirtilo s\u00e3o foco do nosso trabalho de extens\u00e3o rural realizado no \u00e2mbito do Projeto Frutas Vermelhas SP, liderado por t\u00e9cnicos da nossa Regional de Campinas\u201d, afirma o diretor da CATI, Ricardo Pereira.<\/p>\n\n\n<div class=\"wp-block-image\">\n<figure class=\"aligncenter size-large\"><img loading=\"lazy\" decoding=\"async\" width=\"768\" height=\"1024\" src=\"https:\/\/storage.googleapis.com\/saa-repositorio\/prd\/saa-sites\/cati\/imagens\/No-estande-da-CATI-o-visitante-da-feira-encontra-mais-informacoes-sobre-o-projeto-768x1024.jpg\" alt=\"\" class=\"wp-image-24326\"\/><figcaption class=\"wp-element-caption\">No estande da CATI, o visitante da feira encontra mais informa\u00e7\u00f5es sobre o projeto<\/figcaption><\/figure>\n<\/div>\n\n\n<p><strong>Receitas<\/strong><\/p>\n\n\n\n<p>Voltada especialmente ao p\u00fablico do meio rural, a obra re\u00fane orienta\u00e7\u00f5es pr\u00e1ticas sobre sele\u00e7\u00e3o, consumo e conserva\u00e7\u00e3o, al\u00e9m de t\u00e9cnicas de processamento artesanal que agregam valor \u00e0 produ\u00e7\u00e3o. \u201cAs frutas vermelhas s\u00e3o vers\u00e1teis na culin\u00e1ria, podendo ser consumidas <em>in natura<\/em>, em sucos, vitaminas, iogurtes, sorvetes e sobremesas, ou em forma de polpa congelada e geleias, em receitas simples ou em combina\u00e7\u00f5es mais complexas. Por serem altamente nutritivas e de baixo valor cal\u00f3rico, elas s\u00e3o \u00f3timas op\u00e7\u00f5es para quem busca uma alimenta\u00e7\u00e3o saud\u00e1vel e equilibrada\u201d, informa Pereira na apresenta\u00e7\u00e3o da Instru\u00e7\u00e3o Pr\u00e1tica, que foi elaborada pela extensionista da CATI, Beatriz Cantusio Pazinato.<\/p>\n\n\n\n<p>\u201cCom linguagem acess\u00edvel, a obra tamb\u00e9m traz diversas receitas culin\u00e1rias que evidenciam a versatilidade das <em>berries<\/em> no dia a dia. A iniciativa integra a\u00e7\u00f5es de difus\u00e3o tecnol\u00f3gica e incentivo \u00e0 diversifica\u00e7\u00e3o agr\u00edcola, contribuindo para gera\u00e7\u00e3o de renda e alimenta\u00e7\u00e3o saud\u00e1vel\u201d, diz a autora, que \u00e9 especialista em nutri\u00e7\u00e3o e agrega\u00e7\u00e3o de valor \u00e0 produ\u00e7\u00e3o familiar.<\/p>\n\n\n\n<p>Entre as receitas, est\u00e3o bolos, musses, pav\u00eas, sorvetes, suspiros e tortas. \u201cTodas elas foram elaboradas e testadas na nossa Cozinha Experimental\u201d, ressalta o diretor da CATI.<\/p>\n\n\n\n<figure class=\"wp-block-image size-large\"><img loading=\"lazy\" decoding=\"async\" width=\"1024\" height=\"768\" src=\"https:\/\/storage.googleapis.com\/saa-repositorio\/prd\/saa-sites\/cati\/imagens\/Estande-da-CAT-na-Agrishow-2026-Fotos-de-divulgacao-1024x768.jpg\" alt=\"\" class=\"wp-image-24327\"\/><figcaption class=\"wp-element-caption\">Estande da CATI na Agrishow 2026 &#8211; Fotos de divulga\u00e7\u00e3o<\/figcaption><\/figure>\n\n\n\n<p><strong>Servi\u00e7o<\/strong><\/p>\n\n\n\n<p>Lan\u00e7amento da \u201cInstru\u00e7\u00e3o Pr\u00e1tica 281 \u2013 Frutas Vermelhas \u2013 Cor, Sabor e Sa\u00fade\u201d na Agrishow<\/p>\n\n\n\n<p>Quando: 30 de abril de 2026<\/p>\n\n\n\n<p>Hor\u00e1rio: 10h30<\/p>\n\n\n\n<p>Local: Rodovia Prefeito Ant\u00f4nio Duarte Nogueira, Km 321, Ribeir\u00e3o Preto (SP)<\/p>\n\n\n\n<p>Onde baixar o PDF da obra: <a href=\"https:\/\/agricultura.sp.gov.br\/cati\/publicacoes\" target=\"_blank\" rel=\"noreferrer noopener\">https:\/\/agricultura.sp.gov.br\/cati\/publicacoes<\/a><\/p>\n\n\n\n<p><\/p>\n","protected":false},"excerpt":{"rendered":"<p>Al\u00e9m dessa obra, a CATI est\u00e1 apresentando na feira diversos trabalhos voltados \u00e0 extens\u00e3o rural Na Agrishow 2026, maior feira do setor agr\u00edcola brasileiro, a Diretoria de Assist\u00eancia T\u00e9cnica Integral (CATI) lan\u00e7a hoje (30) o e-book \u201cFrutas Vermelhas \u2013 Cor, Sabor e Sa\u00fade\u201d, uma publica\u00e7\u00e3o t\u00e9cnica que apresenta um panorama completo sobre frutos silvestres, como: [&hellip;]<\/p>\n","protected":false},"author":21,"featured_media":24328,"comment_status":"open","ping_status":"open","sticky":false,"template":"","format":"standard","meta":{"_acf_changed":false,"footnotes":""},"categories":[1],"tags":[619,33,633,625,632,55],"class_list":["post-24325","post","type-post","status-publish","format-standard","has-post-thumbnail","hentry","category-sem-categoria","tag-agrishow-2026","tag-cati","tag-cozinha-experimental","tag-frutas-vermelhas-sp","tag-instrucao-pratica-281","tag-saa"],"acf":[],"_links":{"self":[{"href":"https:\/\/agricultura.sp.gov.br\/cati\/wp-json\/wp\/v2\/posts\/24325","targetHints":{"allow":["GET"]}}],"collection":[{"href":"https:\/\/agricultura.sp.gov.br\/cati\/wp-json\/wp\/v2\/posts"}],"about":[{"href":"https:\/\/agricultura.sp.gov.br\/cati\/wp-json\/wp\/v2\/types\/post"}],"author":[{"embeddable":true,"href":"https:\/\/agricultura.sp.gov.br\/cati\/wp-json\/wp\/v2\/users\/21"}],"replies":[{"embeddable":true,"href":"https:\/\/agricultura.sp.gov.br\/cati\/wp-json\/wp\/v2\/comments?post=24325"}],"version-history":[{"count":1,"href":"https:\/\/agricultura.sp.gov.br\/cati\/wp-json\/wp\/v2\/posts\/24325\/revisions"}],"predecessor-version":[{"id":24329,"href":"https:\/\/agricultura.sp.gov.br\/cati\/wp-json\/wp\/v2\/posts\/24325\/revisions\/24329"}],"wp:featuredmedia":[{"embeddable":true,"href":"https:\/\/agricultura.sp.gov.br\/cati\/wp-json\/wp\/v2\/media\/24328"}],"wp:attachment":[{"href":"https:\/\/agricultura.sp.gov.br\/cati\/wp-json\/wp\/v2\/media?parent=24325"}],"wp:term":[{"taxonomy":"category","embeddable":true,"href":"https:\/\/agricultura.sp.gov.br\/cati\/wp-json\/wp\/v2\/categories?post=24325"},{"taxonomy":"post_tag","embeddable":true,"href":"https:\/\/agricultura.sp.gov.br\/cati\/wp-json\/wp\/v2\/tags?post=24325"}],"curies":[{"name":"wp","href":"https:\/\/api.w.org\/{rel}","templated":true}]}}