{"id":24320,"date":"2026-04-28T08:12:48","date_gmt":"2026-04-28T11:12:48","guid":{"rendered":"https:\/\/agricultura.sp.gov.br\/cati\/?p=24320"},"modified":"2026-04-28T08:12:49","modified_gmt":"2026-04-28T11:12:49","slug":"governo-de-sp-libera-5-milhoes-para-produtores-afetados-pelas-chuvas-em-ibiuna-e-piedade","status":"publish","type":"post","link":"https:\/\/agricultura.sp.gov.br\/cati\/2026\/04\/28\/governo-de-sp-libera-5-milhoes-para-produtores-afetados-pelas-chuvas-em-ibiuna-e-piedade\/","title":{"rendered":"Governo de SP libera 5 milh\u00f5es para produtores afetados pelas chuvas em Ibi\u00fana e Piedade"},"content":{"rendered":"\n<p class=\"has-text-align-center\"><em>Linha de cr\u00e9dito emergencial visa o apoio financeiro a agricultores para retomada imediata da produ\u00e7\u00e3o local&nbsp;<\/em><\/p>\n\n\n\n<p>O Governo de S\u00e3o Paulo, por meio do Fundo de Expans\u00e3o do Agroneg\u00f3cio Paulista (FEAP), vinculado \u00e0 Secretaria de Agricultura e Abastecimento (SAA), anunciou nesta sexta-feira (24), uma linha de cr\u00e9dito emergencial de R$ 5 milh\u00f5es para os produtores rurais, especialmente de hortali\u00e7as, atingidos pelas chuvas em Ibi\u00fana e Piedade.&nbsp;<\/p>\n\n\n\n<p>A libera\u00e7\u00e3o de cr\u00e9dito emergencial aos produtores rurais da regi\u00e3o \u00e9 uma medida essencial para garantir o apoio financeiro de at\u00e9 R$ 50 mil por produtor, com taxa de juros de 3% ao ano, aos agricultores impactados por eventos clim\u00e1ticos. A iniciativa visa a retomada imediata da produ\u00e7\u00e3o local, garantindo o abastecimento, e integra um conjunto de a\u00e7\u00f5es do Governo de SP para assistir os moradores de Ibi\u00fana e Piedade, duramente afetados pelas fortes chuvas do dia 18 de abril.&nbsp;<\/p>\n\n\n\n<p>Segundo a Defesa Civil do estado de S\u00e3o Paulo, mais de 700 fam\u00edlias foram atingidas nas duas cidades. A Defesa Civil estadual atuou em conjunto com os munic\u00edpios, realizando vistorias e garantindo o envio de ajuda humanit\u00e1ria, com a disponibiliza\u00e7\u00e3o de kits de limpeza, higiene, dormit\u00f3rio, cestas b\u00e1sicas e lonas para atendimento emergencial das fam\u00edlias.<\/p>\n\n\n\n<p>Imediatamente ap\u00f3s o evento clim\u00e1tico, a Diretoria de Assist\u00eancia T\u00e9cnica Integral (CATI), por meio de sua regional de Sorocaba, realizou levantamento em campo junto aos produtores rurais para identificar os impactos nas propriedades e orientar as primeiras medidas de apoio. Os dados preliminares apontam que a maior parte das ocorr\u00eancias se concentrou em hortali\u00e7as, com perdas variando conforme o porte das \u00e1reas e o est\u00e1gio das culturas, incluindo casos de comprometimento total em propriedades menores e perdas significativas em \u00e1reas m\u00e9dias. O levantamento tamb\u00e9m identificou danos em diferentes fases de produ\u00e7\u00e3o, o que refor\u00e7a a necessidade de suporte \u00e1gil para viabilizar o replantio e a retomada das atividades.<\/p>\n\n\n\n<figure class=\"wp-block-image\"><img decoding=\"async\" src=\"https:\/\/agricultura.sp.gov.br\/wp-content\/uploads\/2026\/04\/WhatsApp-Image-2026-04-24-at-18.09.40-1024x576.jpeg\" alt=\"\" class=\"wp-image-15459\"\/><\/figure>\n\n\n\n<p>O secret\u00e1rio de Agricultura e Abastecimento, Geraldo Melo Filho, visitou a propriedade do produtor Alexandre Antonio de Almeida, no bairro Col\u00e9gio, em Ibi\u00fana, para verificar de perto a situa\u00e7\u00e3o dos produtores rurais afetados pelas chuvas. A visita contribuiu para o detalhamento das medidas emergenciais voltadas \u00e0 recupera\u00e7\u00e3o das \u00e1reas atingidas e \u00e0 retomada da produ\u00e7\u00e3o local.&nbsp;<\/p>\n\n\n\n<p>\u201cSabemos da import\u00e2ncia dessas regi\u00f5es para o abastecimento e para a economia do Estado, e por isso estamos mobilizando instrumentos \u00e1geis para apoiar a recupera\u00e7\u00e3o das lavouras. Esse \u00e9 um trabalho conjunto, pr\u00f3ximo dos munic\u00edpios, para que a atividade agr\u00edcola seja restabelecida o quanto antes.\u201d refor\u00e7ou o secret\u00e1rio durante a visita.<\/p>\n\n\n\n<p>As duas cidades s\u00e3o importantes polos agr\u00edcolas do Estado, com destaque para o cultivo de hortali\u00e7as, flores e frutas. Piedade concentra cerca de 90% da produ\u00e7\u00e3o nacional de alcachofra. J\u00e1 Ibi\u00fana se destaca pela gest\u00e3o e pelo desempenho no setor, figurando entre os 20 melhores munic\u00edpios no ranking do programa Munic\u00edpio Agro, da SAA, que estimula a implementa\u00e7\u00e3o de pol\u00edticas p\u00fablicas voltadas ao desenvolvimento sustent\u00e1vel do setor.&nbsp;<\/p>\n","protected":false},"excerpt":{"rendered":"<p>Linha de cr\u00e9dito emergencial visa o apoio financeiro a agricultores para retomada imediata da produ\u00e7\u00e3o local&nbsp; O Governo de S\u00e3o Paulo, por meio do Fundo de Expans\u00e3o do Agroneg\u00f3cio Paulista (FEAP), vinculado \u00e0 Secretaria de Agricultura e Abastecimento (SAA), anunciou nesta sexta-feira (24), uma linha de cr\u00e9dito emergencial de R$ 5 milh\u00f5es para os produtores [&hellip;]<\/p>\n","protected":false},"author":21,"featured_media":24321,"comment_status":"open","ping_status":"open","sticky":false,"template":"","format":"standard","meta":{"_acf_changed":false,"footnotes":""},"categories":[1],"tags":[33,629,203,63,148,397,55],"class_list":["post-24320","post","type-post","status-publish","format-standard","has-post-thumbnail","hentry","category-sem-categoria","tag-cati","tag-defesa-civil-do-estado-de-sao-paulo","tag-feap","tag-fundo-de-expansao-do-agronegocio-paulista","tag-governo-de-sp","tag-municipio-agro-ranking-paulista","tag-saa"],"acf":[],"_links":{"self":[{"href":"https:\/\/agricultura.sp.gov.br\/cati\/wp-json\/wp\/v2\/posts\/24320","targetHints":{"allow":["GET"]}}],"collection":[{"href":"https:\/\/agricultura.sp.gov.br\/cati\/wp-json\/wp\/v2\/posts"}],"about":[{"href":"https:\/\/agricultura.sp.gov.br\/cati\/wp-json\/wp\/v2\/types\/post"}],"author":[{"embeddable":true,"href":"https:\/\/agricultura.sp.gov.br\/cati\/wp-json\/wp\/v2\/users\/21"}],"replies":[{"embeddable":true,"href":"https:\/\/agricultura.sp.gov.br\/cati\/wp-json\/wp\/v2\/comments?post=24320"}],"version-history":[{"count":1,"href":"https:\/\/agricultura.sp.gov.br\/cati\/wp-json\/wp\/v2\/posts\/24320\/revisions"}],"predecessor-version":[{"id":24322,"href":"https:\/\/agricultura.sp.gov.br\/cati\/wp-json\/wp\/v2\/posts\/24320\/revisions\/24322"}],"wp:featuredmedia":[{"embeddable":true,"href":"https:\/\/agricultura.sp.gov.br\/cati\/wp-json\/wp\/v2\/media\/24321"}],"wp:attachment":[{"href":"https:\/\/agricultura.sp.gov.br\/cati\/wp-json\/wp\/v2\/media?parent=24320"}],"wp:term":[{"taxonomy":"category","embeddable":true,"href":"https:\/\/agricultura.sp.gov.br\/cati\/wp-json\/wp\/v2\/categories?post=24320"},{"taxonomy":"post_tag","embeddable":true,"href":"https:\/\/agricultura.sp.gov.br\/cati\/wp-json\/wp\/v2\/tags?post=24320"}],"curies":[{"name":"wp","href":"https:\/\/api.w.org\/{rel}","templated":true}]}}