{"id":24280,"date":"2026-04-23T11:00:00","date_gmt":"2026-04-23T14:00:00","guid":{"rendered":"https:\/\/agricultura.sp.gov.br\/cati\/?p=24280"},"modified":"2026-04-23T11:29:01","modified_gmt":"2026-04-23T14:29:01","slug":"cati-usp-e-iac-estreitam-parceria-e-unem-forcas-em-iniciativa-para-transformar-a-seguranca-hidrica-e-alimentar-no-campo-paulista","status":"publish","type":"post","link":"https:\/\/agricultura.sp.gov.br\/cati\/2026\/04\/23\/cati-usp-e-iac-estreitam-parceria-e-unem-forcas-em-iniciativa-para-transformar-a-seguranca-hidrica-e-alimentar-no-campo-paulista\/","title":{"rendered":"CATI, USP e IAC estreitam parceria e unem for\u00e7as em iniciativa para transformar a seguran\u00e7a h\u00eddrica e alimentar no campo paulista"},"content":{"rendered":"\n<p>Com os olhos voltados para os desafios reais do produtor rural e para o futuro da agricultura, a<br>CATI (Diretoria de Assist\u00eancia T\u00e9cnica Integral) protagonizou, entre os dias 9 e 11 de abril, uma<br>a\u00e7\u00e3o in\u00e9dita que refor\u00e7a seu papel estrat\u00e9gico na constru\u00e7\u00e3o de solu\u00e7\u00f5es concretas para a seguran\u00e7a<br>h\u00eddrica e alimentar no estado de S\u00e3o Paulo. Em parceria com a Universidade de S\u00e3o Paulo (USP) e<br>o Instituto Agron\u00f4mico (IAC), de Campinas, a iniciativa marca a primeira visita t\u00e9cnica conjunta do<br>Centro para Seguran\u00e7a H\u00eddrica e Alimentar em Zonas Cr\u00edticas (CCD) diretamente no campo.<br>O projeto, apoiado pela Funda\u00e7\u00e3o de Amparo \u00e0 Pesquisa do Estado de S\u00e3o Paulo (Fapesp), re\u00fane<br>ci\u00eancia, extens\u00e3o rural e experi\u00eancia pr\u00e1tica para enfrentar desafios cada vez mais urgentes<br>relacionados \u00e0 \u00e1gua, ao clima e \u00e0 produ\u00e7\u00e3o de alimentos. Desde 2022, a CATI e o IAC integram<br>oficialmente o CCD, um centro vinculado \u00e0 USP que atua em sete macrorregi\u00f5es paulistas,<br>conectando conhecimento cient\u00edfico \u00e0s realidades locais.<br>Durante as visitas, produtores dos munic\u00edpios de Mogi das Cruzes (ligado \u00e0 area de atua\u00e7\u00e3o da<br>CATI Regional Mogi das Cruzes) e S\u00e3o Miguel Arcanjo (ligado da mesma forma \u00e0 CATI Regional<br>Itapetininga) abriram suas propriedades e compartilharam pr\u00e1ticas, desafios e solu\u00e7\u00f5es no uso da<br>\u00e1gua na produ\u00e7\u00e3o agropecu\u00e1ria. O contato direto com o campo permitiu alinhar pesquisas e<br>tecnologias \u00e0s necessidades concretas do dia a dia rural. \u201cO soci\u00f3logo David Rodrigues, da CATI<br>Regional Mogi das Cruzes, e o especialista agropecu\u00e1rio Guilherme Felisberto, da Casa da<br>Agricultura de S\u00e3o Miguel Arcanjo, com a ajuda de seus parceiros produtores rurais, organizaram<br>essa s\u00e9rie de visitas que possibilitaram a prospec\u00e7\u00e3o de novas vertentes de pesquisa, bem como a<br>orienta\u00e7\u00e3o pr\u00e1tica de eixos multidisciplinares de a\u00e7\u00f5es pelo CCD\u201d, informa Antoniane Arantes, l\u00edder<br>do Grupo T\u00e9cnico de Conserva\u00e7\u00e3o do Solo e da \u00c1gua da CATI e representante da institui\u00e7\u00e3o no<br>CCD.<\/p>\n\n\n\n<figure class=\"wp-block-image size-large\"><img loading=\"lazy\" decoding=\"async\" width=\"1024\" height=\"776\" src=\"https:\/\/storage.googleapis.com\/saa-repositorio\/prd\/saa-sites\/cati\/imagens\/Visita-a-produtor-rural-assentado-em-Mogi-das-Cruzes-1024x776.png\" alt=\"\" class=\"wp-image-24281\"\/><figcaption class=\"wp-element-caption\">Visita a produtor rural assentado em Mogi das Cruzes<\/figcaption><\/figure>\n\n\n\n<p>Para Arantes, a experi\u00eancia refor\u00e7ou o valor da aproxima\u00e7\u00e3o entre ci\u00eancia e produtor. \u201cEssa<br>primeira visita t\u00e9cnica conjunta foi essencial para compreendermos, na pr\u00e1tica, como pequenos e<br>m\u00e9dios produtores utilizam a \u00e1gua. A partir disso, conseguimos direcionar melhor as ferramentas<br>t\u00e9cnicas e metodol\u00f3gicas, garantindo solu\u00e7\u00f5es mais eficientes, aplic\u00e1veis e adaptadas \u00e0 realidade do<br>campo\u201d, informando que o CCD estrutura suas a\u00e7\u00f5es em \u00e1reas como hidroclimatologia,<br>hidrogeologia e agrometeorologia, desenvolvendo desde sistemas de monitoramento e previs\u00e3o<br>clim\u00e1tica at\u00e9 estrat\u00e9gias para gest\u00e3o h\u00eddrica e aumento da produtividade agr\u00edcola. \u201cNo componente<br>agr\u00edcola, o foco est\u00e1 em aprimorar decis\u00f5es sobre plantio, irriga\u00e7\u00e3o e colheita; j\u00e1 no h\u00eddrico, busca-se<br>ampliar a previsibilidade e melhorar a gest\u00e3o de recursos, incluindo reservat\u00f3rios e outorgas\u201d,<br>explica.<\/p>\n\n\n\n<figure class=\"wp-block-image size-large\"><img loading=\"lazy\" decoding=\"async\" width=\"1024\" height=\"689\" src=\"https:\/\/storage.googleapis.com\/saa-repositorio\/prd\/saa-sites\/cati\/imagens\/Verificacao-das-condicoes-dos-recursos-hidricos-de-regioes-produtoras-1024x689.png\" alt=\"\" class=\"wp-image-24282\"\/><figcaption class=\"wp-element-caption\">Verifica\u00e7\u00e3o das condi\u00e7\u00f5es dos recursos h\u00eddricos de regi\u00f5es produtoras<\/figcaption><\/figure>\n\n\n\n<p>Para as pesquisadoras Jane Silveira e Ang\u00e9lica Prela Pantano, do IAC, esta primeira visita mostrou<br>o impacto da integra\u00e7\u00e3o entre pesquisa e pr\u00e1tica. \u201cA diversidade de sistemas produtivos observada<br>nas propriedades \u00e9 extremamente ampla. Isso nos permite desenvolver pesquisas mais direcionadas,<br>com impacto direto na produtividade e no uso sustent\u00e1vel da \u00e1gua na agricultura\u201d, destacando a<br>riqueza de detalhes das t\u00e9cnicas e culturas adotadas nas propriedades visitadas, assim como a<br>possibilidade de desdobramentos de novas pesquisas alinhadas aos objetivos do centro e conectadas<br>aos anseios e necessidades dos produtores rurais.<br>J\u00e1 o pesquisador Humberto Rocha, do Instituto de Astronomia, Geof\u00edsica e Ci\u00eancias Atmosf\u00e9ricas<br>da Universidade de S\u00e3o Paulo (IAG\/USP) e coordenador do CCD, ressaltou o car\u00e1ter inovador da<br>iniciativa: \u201cEssa aproxima\u00e7\u00e3o com o campo, desde o in\u00edcio, fortalece o desenvolvimento de<br>solu\u00e7\u00f5es mais assertivas. Estamos construindo conhecimento junto com os produtores, o que<br>aumenta significativamente a efetividade das a\u00e7\u00f5es\u201d.<\/p>\n\n\n\n<figure class=\"wp-block-image size-large\"><img loading=\"lazy\" decoding=\"async\" width=\"1024\" height=\"746\" src=\"https:\/\/storage.googleapis.com\/saa-repositorio\/prd\/saa-sites\/cati\/imagens\/O-coordenador-do-CCD-Humberto-Rocha-dialoga-com-o-produtor-organico-Alan-Sadamitsu-1024x746.png\" alt=\"\" class=\"wp-image-24283\"\/><figcaption class=\"wp-element-caption\">O coordenador do CCD, Humberto Rocha, dialoga com o produtor org\u00e2nico Alan Sadamitsu<\/figcaption><\/figure>\n\n\n\n<p>Nesse contexto, o papel da CATI se mostra decisivo. Al\u00e9m de participar da constru\u00e7\u00e3o cient\u00edfica do<br>projeto, a institui\u00e7\u00e3o \u00e9 respons\u00e1vel por validar as tecnologias no campo e promover sua difus\u00e3o<br>entre os produtores. O protagonismo do Grupo T\u00e9cnico de Conserva\u00e7\u00e3o do Solo e da \u00c1gua,<br>liderado por Antoniane Arantes, tem sido fundamental para garantir que as solu\u00e7\u00f5es propostas sejam<br>vi\u00e1veis e sustent\u00e1veis.<br>A iniciativa j\u00e1 conta com pesquisas em andamento, incluindo estudos de mestrado e doutorado, e<br>at\u00e9 experimentos instalados em propriedades rurais participantes \u2013 sinal claro de que a integra\u00e7\u00e3o<br>entre institui\u00e7\u00f5es e produtores est\u00e1 gerando resultados concretos.<\/p>\n\n\n\n<figure class=\"wp-block-image size-large\"><img loading=\"lazy\" decoding=\"async\" width=\"1024\" height=\"531\" src=\"https:\/\/storage.googleapis.com\/saa-repositorio\/prd\/saa-sites\/cati\/imagens\/Uso-da-agua-e-producao-agropecuaria-em-regioes-criticas-alvo-das-atividades-1024x531.png\" alt=\"\" class=\"wp-image-24284\"\/><figcaption class=\"wp-element-caption\">Uso da \u00e1gua e produ\u00e7\u00e3o agropecu\u00e1ria em regi\u00f5es cr\u00edticas alvos das atividades<\/figcaption><\/figure>\n\n\n\n<p>Ao unir ci\u00eancia, extens\u00e3o rural e pr\u00e1tica agr\u00edcola, a parceria entre a CATI, a USP e o IAC inaugura<br>uma nova etapa na constru\u00e7\u00e3o de uma agricultura mais resiliente, sustent\u00e1vel e preparada para os<br>desafios clim\u00e1ticos. Mais do que um projeto, o CCD se consolida como um modelo de coopera\u00e7\u00e3o<br>capaz de transformar o presente e garantir o futuro da seguran\u00e7a h\u00eddrica e alimentar no estado de<br>S\u00e3o Paulo.<\/p>\n\n\n\n<p><\/p>\n","protected":false},"excerpt":{"rendered":"<p>Com os olhos voltados para os desafios reais do produtor rural e para o futuro da agricultura, aCATI (Diretoria de Assist\u00eancia T\u00e9cnica Integral) protagonizou, entre os dias 9 e 11 de abril, umaa\u00e7\u00e3o in\u00e9dita que refor\u00e7a seu papel estrat\u00e9gico na constru\u00e7\u00e3o de solu\u00e7\u00f5es concretas para a seguran\u00e7ah\u00eddrica e alimentar no estado de S\u00e3o Paulo. Em [&hellip;]<\/p>\n","protected":false},"author":21,"featured_media":24285,"comment_status":"open","ping_status":"open","sticky":false,"template":"","format":"standard","meta":{"_acf_changed":false,"footnotes":""},"categories":[1],"tags":[610,33,132,156,609,613,611,161,67,612,55,336],"class_list":["post-24280","post","type-post","status-publish","format-standard","has-post-thumbnail","hentry","category-sem-categoria","tag-casa-da-agricultura-de-sao-miguel-arcanjo","tag-cati","tag-cati-regional-itapetininga","tag-cati-regional-mogi-das-cruzes","tag-centro-para-seguranca-hidrica-e-alimentar-em-zonas-criticas-ccd","tag-geofisica-e-ciencias-atmosfericas-da-usp","tag-grupo-tecnico-de-conservacao-do-solo-e-da-agua-da-cati","tag-iac","tag-instituto-agronomico","tag-instituto-de-astronomia","tag-saa","tag-usp"],"acf":[],"_links":{"self":[{"href":"https:\/\/agricultura.sp.gov.br\/cati\/wp-json\/wp\/v2\/posts\/24280","targetHints":{"allow":["GET"]}}],"collection":[{"href":"https:\/\/agricultura.sp.gov.br\/cati\/wp-json\/wp\/v2\/posts"}],"about":[{"href":"https:\/\/agricultura.sp.gov.br\/cati\/wp-json\/wp\/v2\/types\/post"}],"author":[{"embeddable":true,"href":"https:\/\/agricultura.sp.gov.br\/cati\/wp-json\/wp\/v2\/users\/21"}],"replies":[{"embeddable":true,"href":"https:\/\/agricultura.sp.gov.br\/cati\/wp-json\/wp\/v2\/comments?post=24280"}],"version-history":[{"count":3,"href":"https:\/\/agricultura.sp.gov.br\/cati\/wp-json\/wp\/v2\/posts\/24280\/revisions"}],"predecessor-version":[{"id":24288,"href":"https:\/\/agricultura.sp.gov.br\/cati\/wp-json\/wp\/v2\/posts\/24280\/revisions\/24288"}],"wp:featuredmedia":[{"embeddable":true,"href":"https:\/\/agricultura.sp.gov.br\/cati\/wp-json\/wp\/v2\/media\/24285"}],"wp:attachment":[{"href":"https:\/\/agricultura.sp.gov.br\/cati\/wp-json\/wp\/v2\/media?parent=24280"}],"wp:term":[{"taxonomy":"category","embeddable":true,"href":"https:\/\/agricultura.sp.gov.br\/cati\/wp-json\/wp\/v2\/categories?post=24280"},{"taxonomy":"post_tag","embeddable":true,"href":"https:\/\/agricultura.sp.gov.br\/cati\/wp-json\/wp\/v2\/tags?post=24280"}],"curies":[{"name":"wp","href":"https:\/\/api.w.org\/{rel}","templated":true}]}}