{"id":24275,"date":"2026-04-23T11:10:27","date_gmt":"2026-04-23T14:10:27","guid":{"rendered":"https:\/\/agricultura.sp.gov.br\/cati\/?p=24275"},"modified":"2026-04-23T11:30:45","modified_gmt":"2026-04-23T14:30:45","slug":"com-banana-do-vale-do-ribeira-agro-de-sao-paulo-soma-10-indicacoes-geograficas-reconhecidas-pelo-inpi","status":"publish","type":"post","link":"https:\/\/agricultura.sp.gov.br\/cati\/2026\/04\/23\/com-banana-do-vale-do-ribeira-agro-de-sao-paulo-soma-10-indicacoes-geograficas-reconhecidas-pelo-inpi\/","title":{"rendered":"Com banana do Vale do Ribeira, agro de S\u00e3o Paulo soma 10 Indica\u00e7\u00f5es Geogr\u00e1ficas reconhecidas pelo INPI"},"content":{"rendered":"\n<p class=\"has-text-align-center\"><em>Estado contabiliza 14 IGs, sendo que seis delas envolvem a produ\u00e7\u00e3o de caf\u00e9<\/em><\/p>\n\n\n\n<p>O agroneg\u00f3cio paulista celebrou mais uma conquista neste m\u00eas: o registro de Indica\u00e7\u00e3o Geogr\u00e1fica (IG) da proced\u00eancia das variedades de banana Cavendish (Nanica) e Prata do Vale do Ribeira. Atualmente, das 14 IGs reconhecidas pelo Instituto Nacional de Propriedade Industrial (INPI) no estado, 10 s\u00e3o relacionadas ao agro.<\/p>\n\n\n\n<p>O selo abrange os munic\u00edpios de Barra do Turvo, Cajati, Canan\u00e9ia, Eldorado, Iguape, Iporanga, Itaoca, Itariri, Jacupiranga, Juqui\u00e1, Miracatu, Pariquera-A\u00e7u, Pedro de Toledo, Registro, Ribeira, Sete Barras e Tapira\u00ed. Ele foi solicitado ao INPI pela Associa\u00e7\u00e3o dos Bananicultores do Vale do Ribeira (Abavar), com apoio da Diretoria de Assist\u00eancia T\u00e9cnica Integral (CATI) e do Servi\u00e7o Brasileiro de Apoio \u00e0s Micro e Pequenas Empresas (Sebrae).<\/p>\n\n\n\n<p>Segundo a chefe de divis\u00e3o da CATI Regional Registro, Tais Canola, essa indica\u00e7\u00e3o representa um novo horizonte para o bananicultor, protegendo a origem de suas produ\u00e7\u00f5es e gerando novas oportunidades de mercado que valorizam o trabalho no campo. \u201cMais do que um selo t\u00e9cnico, \u00e9 uma ferramenta de desenvolvimento regional que combate a desvaloriza\u00e7\u00e3o do produto e promove a justi\u00e7a social para quem vive da terra. Para n\u00f3s, da CATI, \u00e9 uma honra ver que a dedica\u00e7\u00e3o dos produtores e suas organiza\u00e7\u00f5es agora possui um diferencial competitivo que assegura a sustentabilidade das comunidades rurais e o orgulho de pertencer ao maior polo produtor de banana do estado de S\u00e3o Paulo\u201d, afirma ela.<\/p>\n\n\n\n<p>&nbsp;\u201cEsta \u00e9 uma conquista da dedica\u00e7\u00e3o do nosso setor produtivo. Ela representa o compromisso do Vale do Ribeira com uma agricultura moderna, que respeita o meio ambiente e fortalece a agricultura familiar. Essa IG sintetiza tudo o que acreditamos e praticamos no campo\u201d, comenta o presidente da Abavar, Augusto Aranha.<\/p>\n\n\n\n<figure class=\"wp-block-image size-full\"><img loading=\"lazy\" decoding=\"async\" width=\"1024\" height=\"683\" src=\"https:\/\/storage.googleapis.com\/saa-repositorio\/prd\/saa-sites\/cati\/imagens\/Em-Sao-Paulo-o-cultivo-comecou-no-litoral-e-a-partir-da-decada-de-1930-avancou-para-o-Vale-do-Ribeira_Fotos-de-divulgacao.jpg\" alt=\"\" class=\"wp-image-24276\"\/><figcaption class=\"wp-element-caption\">Em S\u00e3o Paulo, o cultivo come\u00e7ou no litoral e, a partir da d\u00e9cada de 1930, avan\u00e7ou para o Vale do Ribeira &#8211; Fotos: divulga\u00e7\u00e3o.<\/figcaption><\/figure>\n\n\n\n<p><strong>IGs do agro paulista<\/strong><\/p>\n\n\n\n<p>Em abril de 2026, o Brasil contabiliza 169 IGs, somando 127 Indica\u00e7\u00f5es de Proced\u00eancia (IPs) \u2013 126 nacionais e uma estrangeira \u2013 e 42 Denomina\u00e7\u00f5es de Origem (DOs) \u2013 32 nacionais e 10 estrangeiras. Abaixo, confira a lista dos selos relacionados ao agroneg\u00f3cio paulista:<\/p>\n\n\n\n<ul class=\"wp-block-list\">\n<li><a href=\"https:\/\/datasebrae.com.br\/ig-alta-mogiana\" target=\"_blank\" rel=\"noreferrer noopener\">Alta Mogiana<\/a> (caf\u00e9);<\/li>\n\n\n\n<li><a href=\"https:\/\/datasebrae.com.br\/ig-jundiahy\" target=\"_blank\" rel=\"noreferrer noopener\">Jundiahy<\/a> (uva niagara rosada);<\/li>\n\n\n\n<li><a href=\"https:\/\/www.gov.br\/agricultura\/pt-br\/assuntos\/noticias\/cafe-arabica-da-nova-alta-paulista-recebe-selo-de-indicacao-geografica\" target=\"_blank\" rel=\"noreferrer noopener\">Nova Alta Paulista<\/a> (caf\u00e9);<\/li>\n\n\n\n<li><a href=\"https:\/\/datasebrae.com.br\/ig-regiao-de-garca\" target=\"_blank\" rel=\"noreferrer noopener\">Regi\u00e3o de Gar\u00e7a<\/a> (caf\u00e9);<\/li>\n\n\n\n<li><a href=\"https:\/\/datasebrae.com.br\/ig-regiao-do-pinhal\" target=\"_blank\" rel=\"noreferrer noopener\">Regi\u00e3o de Pinhal<\/a> (caf\u00e9);<\/li>\n\n\n\n<li><a href=\"https:\/\/datasebrae.com.br\/ig-torrinha\" target=\"_blank\" rel=\"noreferrer noopener\">Torrinha<\/a> (caf\u00e9);<\/li>\n\n\n\n<li><a href=\"https:\/\/datasebrae.com.br\/ig-vale-da-grama\" target=\"_blank\" rel=\"noreferrer noopener\">Vale da Grama<\/a> (caf\u00e9);<\/li>\n\n\n\n<li><a href=\"https:\/\/agricultura.sp.gov.br\/arquivos\/13103\" target=\"_blank\" rel=\"noreferrer noopener\">Vale do Para\u00edba<\/a> (mel e pr\u00f3polis);<\/li>\n\n\n\n<li><a href=\"https:\/\/agricultura.sp.gov.br\/cati\/2026\/01\/13\/com-palmito-pupunha-agro-de-sao-paulo-soma-nove-indicacoes-geograficas-reconhecidas-pelo-inpi\" target=\"_blank\" rel=\"noreferrer noopener\">Vale do Ribeira<\/a> (palmito pupunha);<\/li>\n\n\n\n<li>Vale do Ribeira (bananas Cavendish e Prata).<\/li>\n<\/ul>\n\n\n\n<p>As outras quatro IGs paulistas s\u00e3o de <a href=\"https:\/\/datasebrae.com.br\/ig-birigui\" target=\"_blank\" rel=\"noreferrer noopener\">Birigui<\/a> (cal\u00e7ado infantil), <a href=\"https:\/\/datasebrae.com.br\/ig-franca\" target=\"_blank\" rel=\"noreferrer noopener\">Franca<\/a> (cal\u00e7ados), <a href=\"https:\/\/datasebrae.com.br\/ig-porto-ferreira\" target=\"_blank\" rel=\"noreferrer noopener\">Porto Ferreira<\/a> (cer\u00e2mica art\u00edstica) e <a href=\"https:\/\/www.gov.br\/inpi\/pt-br\/central-de-conteudo\/noticias\/inpi-concede-a-ig-taubate-sp-para-figuras-modeladas-em-argila\" target=\"_blank\" rel=\"noreferrer noopener\">Taubat\u00e9<\/a> (figuras modeladas em argila). Vale ressaltar que a IP de uma Indica\u00e7\u00e3o Geogr\u00e1fica reconhece o nome de um pa\u00eds, cidade, regi\u00e3o ou localidade que se tornou conhecido como centro de produ\u00e7\u00e3o, fabrica\u00e7\u00e3o ou extra\u00e7\u00e3o de determinado produto. J\u00e1 a DO vai al\u00e9m e exige que as caracter\u00edsticas e qualidades do produto sejam essencialmente ou exclusivamente atribu\u00eddas ao meio geogr\u00e1fico, incluindo fatores naturais e humanos.<\/p>\n","protected":false},"excerpt":{"rendered":"<p>Estado contabiliza 14 IGs, sendo que seis delas envolvem a produ\u00e7\u00e3o de caf\u00e9 O agroneg\u00f3cio paulista celebrou mais uma conquista neste m\u00eas: o registro de Indica\u00e7\u00e3o Geogr\u00e1fica (IG) da proced\u00eancia das variedades de banana Cavendish (Nanica) e Prata do Vale do Ribeira. Atualmente, das 14 IGs reconhecidas pelo Instituto Nacional de Propriedade Industrial (INPI) no [&hellip;]<\/p>\n","protected":false},"author":21,"featured_media":24277,"comment_status":"open","ping_status":"open","sticky":false,"template":"","format":"standard","meta":{"_acf_changed":false,"footnotes":""},"categories":[1],"tags":[606,605,33,467,607,45,608,465,604,55,418,417,43],"class_list":["post-24275","post","type-post","status-publish","format-standard","has-post-thumbnail","hentry","category-sem-categoria","tag-abavar","tag-associacao-dos-bananicultores-do-vale-do-ribeira","tag-cati","tag-cati-regional-registro","tag-denominacoes-de-origem","tag-indicacao-geografica","tag-indicacoes-de-procedencia","tag-inpi","tag-instituto-nacional-de-propriedade-industrial","tag-saa","tag-sebrae","tag-servico-brasileiro-de-apoio-as-micro-e-pequenas-empresas","tag-vale-do-ribeira"],"acf":[],"_links":{"self":[{"href":"https:\/\/agricultura.sp.gov.br\/cati\/wp-json\/wp\/v2\/posts\/24275","targetHints":{"allow":["GET"]}}],"collection":[{"href":"https:\/\/agricultura.sp.gov.br\/cati\/wp-json\/wp\/v2\/posts"}],"about":[{"href":"https:\/\/agricultura.sp.gov.br\/cati\/wp-json\/wp\/v2\/types\/post"}],"author":[{"embeddable":true,"href":"https:\/\/agricultura.sp.gov.br\/cati\/wp-json\/wp\/v2\/users\/21"}],"replies":[{"embeddable":true,"href":"https:\/\/agricultura.sp.gov.br\/cati\/wp-json\/wp\/v2\/comments?post=24275"}],"version-history":[{"count":3,"href":"https:\/\/agricultura.sp.gov.br\/cati\/wp-json\/wp\/v2\/posts\/24275\/revisions"}],"predecessor-version":[{"id":24289,"href":"https:\/\/agricultura.sp.gov.br\/cati\/wp-json\/wp\/v2\/posts\/24275\/revisions\/24289"}],"wp:featuredmedia":[{"embeddable":true,"href":"https:\/\/agricultura.sp.gov.br\/cati\/wp-json\/wp\/v2\/media\/24277"}],"wp:attachment":[{"href":"https:\/\/agricultura.sp.gov.br\/cati\/wp-json\/wp\/v2\/media?parent=24275"}],"wp:term":[{"taxonomy":"category","embeddable":true,"href":"https:\/\/agricultura.sp.gov.br\/cati\/wp-json\/wp\/v2\/categories?post=24275"},{"taxonomy":"post_tag","embeddable":true,"href":"https:\/\/agricultura.sp.gov.br\/cati\/wp-json\/wp\/v2\/tags?post=24275"}],"curies":[{"name":"wp","href":"https:\/\/api.w.org\/{rel}","templated":true}]}}