{"id":24050,"date":"2026-04-02T10:00:00","date_gmt":"2026-04-02T13:00:00","guid":{"rendered":"https:\/\/agricultura.sp.gov.br\/cati\/?p=24050"},"modified":"2026-04-01T13:42:59","modified_gmt":"2026-04-01T16:42:59","slug":"capacitacao-sobre-transicao-agroecologica-fortalece-caminho-para-uma-agricultura-ainda-mais-sustentavel-nos-municipios-ligados-a-cati-regional-fernandopolis","status":"publish","type":"post","link":"https:\/\/agricultura.sp.gov.br\/cati\/2026\/04\/02\/capacitacao-sobre-transicao-agroecologica-fortalece-caminho-para-uma-agricultura-ainda-mais-sustentavel-nos-municipios-ligados-a-cati-regional-fernandopolis\/","title":{"rendered":"Capacita\u00e7\u00e3o sobre Transi\u00e7\u00e3o Agroecol\u00f3gica fortalece caminho para uma agricultura ainda mais sustent\u00e1vel nos munic\u00edpios ligados \u00e0 CATI Regional Fernand\u00f3polis"},"content":{"rendered":"\n<p class=\"has-text-align-center\"><em>Em um movimento que une conhecimento t\u00e9cnico e compromisso com o futuro do campo, a CATI Regional Fernand\u00f3polis realizou, no dia 11 de mar\u00e7o, um treinamento essencial sobre o Protocolo de Transi\u00e7\u00e3o Agroecol\u00f3gica. A iniciativa prepara t\u00e9cnicos para levar aos produtores rurais solu\u00e7\u00f5es pr\u00e1ticas que aumentam a produtividade, preservam o solo e reduzem a depend\u00eancia de insumos qu\u00edmicos<\/em><\/p>\n\n\n\n<p>A Diretoria de Assist\u00eancia T\u00e9cnica Integral (CATI), por meio de sua Regional de Fernand\u00f3polis, promoveu um treinamento estrat\u00e9gico voltado aos t\u00e9cnicos dos 12 munic\u00edpios de sua \u00e1rea de atua\u00e7\u00e3o, com foco na implementa\u00e7\u00e3o do Protocolo de Transi\u00e7\u00e3o Agroecol\u00f3gica.<\/p>\n\n\n\n<p>A capacita\u00e7\u00e3o foi conduzida pela engenheira agr\u00f4noma Araci Kamiyama e pela tecn\u00f3loga ambiental Aline Bernardes C\u00e2ndido, que apresentaram conceitos fundamentais da Agroecologia de forma pr\u00e1tica e aplic\u00e1vel \u00e0 realidade dos produtores rurais. E o objetivo foi claro: preparar os t\u00e9cnicos para orientarem os agricultores na ado\u00e7\u00e3o de sistemas mais sustent\u00e1veis, produtivos e resilientes.<\/p>\n\n\n<div class=\"wp-block-image\">\n<figure class=\"aligncenter size-large\"><img loading=\"lazy\" decoding=\"async\" width=\"1024\" height=\"576\" src=\"https:\/\/storage.googleapis.com\/saa-repositorio\/prd\/saa-sites\/cati\/imagens\/IMG-20260401-WA0005-1024x576.jpg\" alt=\"\" class=\"wp-image-24052\"\/><\/figure>\n<\/div>\n\n\n<p>Durante o encontro, foram discutidas t\u00e9cnicas de manejo que contribuem para a conserva\u00e7\u00e3o do solo, o uso eficiente da \u00e1gua e a valoriza\u00e7\u00e3o da biodiversidade, \u201cfatores cada vez mais importantes diante dos desafios clim\u00e1ticos e das exig\u00eancias do mercado por alimentos mais saud\u00e1veis\u201d, destacaram as instrutoras da capacita\u00e7\u00e3o.<\/p>\n\n\n\n<p>Al\u00e9m da parte te\u00f3rica, os participantes analisaram um caso real de propriedade rural, propondo solu\u00e7\u00f5es baseadas em pr\u00e1ticas agroecol\u00f3gicas. A atividade permitiu visualizar, na pr\u00e1tica, como pequenas mudan\u00e7as no manejo podem gerar grandes resultados ao longo do tempo. \u201cA transi\u00e7\u00e3o agroecol\u00f3gica n\u00e3o significa perder produtividade, mas sim produzir de forma mais inteligente. A Agroecologia oferece ferramentas para reduzir custos, melhorar a qualidade do solo e tornar a produ\u00e7\u00e3o mais equilibrada e sustent\u00e1vel\u201d, explicou Araci Kamiyama.<\/p>\n\n\n\n<figure class=\"wp-block-gallery has-nested-images columns-default is-cropped wp-block-gallery-1 is-layout-flex wp-block-gallery-is-layout-flex\">\n<figure class=\"wp-block-image size-large\"><img loading=\"lazy\" decoding=\"async\" width=\"1024\" height=\"576\" data-id=\"24054\" src=\"https:\/\/storage.googleapis.com\/saa-repositorio\/prd\/saa-sites\/cati\/imagens\/IMG-20260401-WA0003-1024x576.jpg\" alt=\"\" class=\"wp-image-24054\"\/><\/figure>\n\n\n\n<figure class=\"wp-block-image size-large\"><img loading=\"lazy\" decoding=\"async\" width=\"1024\" height=\"768\" data-id=\"24055\" src=\"https:\/\/storage.googleapis.com\/saa-repositorio\/prd\/saa-sites\/cati\/imagens\/IMG-20260401-WA0004-1024x768.jpg\" alt=\"\" class=\"wp-image-24055\"\/><\/figure>\n<\/figure>\n\n\n\n<p>Para o chefe da CATI Regional Fernand\u00f3polis, Mauro Leit\u00e3o Linhares, a a\u00e7\u00e3o refor\u00e7a o papel da CATI como agente de transforma\u00e7\u00e3o no campo. \u201cNosso compromisso \u00e9 o de estar ao lado do produtor, oferecendo orienta\u00e7\u00e3o t\u00e9cnica de qualidade e solu\u00e7\u00f5es que realmente funcionem no dia a dia da propriedade. Esse treinamento \u00e9 um passo importante para levarmos alternativas sustent\u00e1veis, que aumentem a efici\u00eancia produtiva sem comprometer os recursos naturais\u201d, destacou, enfatizando que a realiza\u00e7\u00e3o desse treinamento marca um passo significativo na estrat\u00e9gia da CATI Regional Fernand\u00f3polis em fomentar uma transi\u00e7\u00e3o agroecol\u00f3gica nos munic\u00edpios atendidos. \u201cOs t\u00e9cnicos, agora capacitados, ter\u00e3o a responsabilidade de implementar as pr\u00e1ticas aprendidas, promovendo mudan\u00e7as que podem impactar diretamente a sustentabilidade rural e a sa\u00fade do solo, conferindo um futuro mais equilibrado para a agricultura local\u201d.<\/p>\n\n\n<div class=\"wp-block-image\">\n<figure class=\"aligncenter size-large\"><img loading=\"lazy\" decoding=\"async\" width=\"1024\" height=\"588\" src=\"https:\/\/storage.googleapis.com\/saa-repositorio\/prd\/saa-sites\/cati\/imagens\/IMG-20260401-WA0006-1024x588.jpg\" alt=\"\" class=\"wp-image-24053\"\/><\/figure>\n<\/div>\n\n\n<p>Com os t\u00e9cnicos capacitados, a pr\u00f3xima etapa ser\u00e1 a difus\u00e3o desse conhecimento junto aos produtores rurais da regi\u00e3o, ampliando o alcance das pr\u00e1ticas agroecol\u00f3gicas e fortalecendo um modelo de agricultura mais consciente. A iniciativa reafirma o compromisso da CATI com o desenvolvimento sustent\u00e1vel, estimulando uma mudan\u00e7a de paradigmas na produ\u00e7\u00e3o agr\u00edcola e contribuindo para um agroneg\u00f3cio mais consciente e integralmente relacionado com o meio ambiente.<\/p>\n","protected":false},"excerpt":{"rendered":"<p>Em um movimento que une conhecimento t\u00e9cnico e compromisso com o futuro do campo, a CATI Regional Fernand\u00f3polis realizou, no dia 11 de mar\u00e7o, um treinamento essencial sobre o Protocolo de Transi\u00e7\u00e3o Agroecol\u00f3gica. A iniciativa prepara t\u00e9cnicos para levar aos produtores rurais solu\u00e7\u00f5es pr\u00e1ticas que aumentam a produtividade, preservam o solo e reduzem a depend\u00eancia [&hellip;]<\/p>\n","protected":false},"author":21,"featured_media":24051,"comment_status":"open","ping_status":"open","sticky":false,"template":"","format":"standard","meta":{"_acf_changed":false,"footnotes":""},"categories":[1],"tags":[40,33,351,96,55],"class_list":["post-24050","post","type-post","status-publish","format-standard","has-post-thumbnail","hentry","category-sem-categoria","tag-agroecologia","tag-cati","tag-cati-regional-fernandopolis","tag-protocolo-de-transicao-agroecologica","tag-saa"],"acf":[],"_links":{"self":[{"href":"https:\/\/agricultura.sp.gov.br\/cati\/wp-json\/wp\/v2\/posts\/24050","targetHints":{"allow":["GET"]}}],"collection":[{"href":"https:\/\/agricultura.sp.gov.br\/cati\/wp-json\/wp\/v2\/posts"}],"about":[{"href":"https:\/\/agricultura.sp.gov.br\/cati\/wp-json\/wp\/v2\/types\/post"}],"author":[{"embeddable":true,"href":"https:\/\/agricultura.sp.gov.br\/cati\/wp-json\/wp\/v2\/users\/21"}],"replies":[{"embeddable":true,"href":"https:\/\/agricultura.sp.gov.br\/cati\/wp-json\/wp\/v2\/comments?post=24050"}],"version-history":[{"count":1,"href":"https:\/\/agricultura.sp.gov.br\/cati\/wp-json\/wp\/v2\/posts\/24050\/revisions"}],"predecessor-version":[{"id":24056,"href":"https:\/\/agricultura.sp.gov.br\/cati\/wp-json\/wp\/v2\/posts\/24050\/revisions\/24056"}],"wp:featuredmedia":[{"embeddable":true,"href":"https:\/\/agricultura.sp.gov.br\/cati\/wp-json\/wp\/v2\/media\/24051"}],"wp:attachment":[{"href":"https:\/\/agricultura.sp.gov.br\/cati\/wp-json\/wp\/v2\/media?parent=24050"}],"wp:term":[{"taxonomy":"category","embeddable":true,"href":"https:\/\/agricultura.sp.gov.br\/cati\/wp-json\/wp\/v2\/categories?post=24050"},{"taxonomy":"post_tag","embeddable":true,"href":"https:\/\/agricultura.sp.gov.br\/cati\/wp-json\/wp\/v2\/tags?post=24050"}],"curies":[{"name":"wp","href":"https:\/\/api.w.org\/{rel}","templated":true}]}}