{"id":24037,"date":"2026-04-01T14:30:00","date_gmt":"2026-04-01T17:30:00","guid":{"rendered":"https:\/\/agricultura.sp.gov.br\/cati\/?p=24037"},"modified":"2026-04-01T16:17:41","modified_gmt":"2026-04-01T19:17:41","slug":"cati-iac-e-defesa-agropecuaria-se-unem-em-parceria-com-a-policia-militar-ambiental-para-impulsionar-o-desenvolvimento-rural-sustentavel-com-responsabilidade-ambiental-e-gestao-territorial","status":"publish","type":"post","link":"https:\/\/agricultura.sp.gov.br\/cati\/2026\/04\/01\/cati-iac-e-defesa-agropecuaria-se-unem-em-parceria-com-a-policia-militar-ambiental-para-impulsionar-o-desenvolvimento-rural-sustentavel-com-responsabilidade-ambiental-e-gestao-territorial\/","title":{"rendered":"CATI, IAC e Defesa Agropecu\u00e1ria se unem em parceria com a Pol\u00edcia Militar Ambiental para impulsionar o desenvolvimento rural sustent\u00e1vel com responsabilidade ambiental e gest\u00e3o territorial"},"content":{"rendered":"\n<p class=\"has-text-align-center\"><em>Ao promover o di\u00e1logo entre extens\u00e3o rural, pesquisa, Defesa Agropecu\u00e1ria e seguran\u00e7a p\u00fablica, a iniciativa refor\u00e7ou o conceito de que n\u00e3o h\u00e1 desenvolvimento sustent\u00e1vel sem conserva\u00e7\u00e3o; e nem conserva\u00e7\u00e3o eficaz sem coopera\u00e7\u00e3o<\/em><\/p>\n\n\n\n<p>Em um momento marcado por desafios crescentes na preserva\u00e7\u00e3o ambiental e no uso sustent\u00e1vel do territ\u00f3rio rural, uma parceria entre a CATI (Diretoria de Assist\u00eancia T\u00e9cnica Integral), o Instituto Agron\u00f4mico (IAC), a Defesa Agropecu\u00e1ria e o 5.\u00ba Batalh\u00e3o da Pol\u00edcia Militar Ambiental ganhou um novo e significativo cap\u00edtulo. Nos dias 24 e 27 de mar\u00e7o, cerca de 100 policiais participaram do treinamento t\u00e9cnico \u201cVis\u00e3o Sist\u00eamica do Ambiente Natural e Rural de Produ\u00e7\u00e3o\u201d, uma iniciativa que uniu teoria e pr\u00e1tica, em uma forma\u00e7\u00e3o que integrou conhecimento t\u00e9cnico, gest\u00e3o territorial e prote\u00e7\u00e3o dos recursos naturais, com incentivo para aprimoramento de instrumentos que visam coibir crimes e infra\u00e7\u00f5es ambientais.<\/p>\n\n\n\n<p>A forma\u00e7\u00e3o aconteceu em Campinas, em dois ambientes complementares, sendo a parte te\u00f3rica realizada no Anfiteatro do 5.\u00ba Batalh\u00e3o da Pol\u00edcia Militar Ambiental, enquanto as atividades pr\u00e1ticas ocorreram na Fazenda Santa Elisa, \u00e1rea vinculada ao IAC. O curso teve como foco a padroniza\u00e7\u00e3o de opera\u00e7\u00f5es ambientais, o planejamento de miss\u00f5es em campo e a aplica\u00e7\u00e3o de metodologias de leitura da paisagem, \u201cferramentas essenciais para uma atua\u00e7\u00e3o mais estrat\u00e9gica e eficiente no territ\u00f3rio rural\u201d, segundo Antoniane Arantes, especialista agropecu\u00e1rio da CATI, respons\u00e1vel pela palestra sobre Webmapas (mapas interativos dispon\u00edveis na internet, que permitem aos usu\u00e1rios visualizarem, explorarem e, muitas vezes, manipularem dados geogr\u00e1ficos diretamente no navegador, sem precisar de <em>softwares<\/em> complexos de GIS (Sistemas de Informa\u00e7\u00e3o Geogr\u00e1fica).<\/p>\n\n\n\n<p>Mais do que capacita\u00e7\u00e3o t\u00e9cnica, o encontro simbolizou a retomada de uma aproxima\u00e7\u00e3o institucional fundamental, pois a integra\u00e7\u00e3o entre os \u00f3rg\u00e3os refor\u00e7a a import\u00e2ncia do alinhamento de pr\u00e1ticas agron\u00f4micas \u00e0 conserva\u00e7\u00e3o ambiental, criando uma base s\u00f3lida para o desenvolvimento rural sustent\u00e1vel.<\/p>\n\n\n\n<p>Para o diretor da CATI, Ricardo Pereira, a iniciativa representa um avan\u00e7o significativo na constru\u00e7\u00e3o de pol\u00edticas p\u00fablicas integradas. \u201cEssa parceria mostra que \u00e9 poss\u00edvel unir conhecimento t\u00e9cnico, gest\u00e3o territorial e a\u00e7\u00e3o em campo para promover um modelo de desenvolvimento rural mais equilibrado. A conserva\u00e7\u00e3o do solo e dos recursos naturais precisa estar no centro das estrat\u00e9gias; e isso s\u00f3 se fortalece com institui\u00e7\u00f5es trabalhando juntas, com objetivos comuns\u201d.<\/p>\n\n\n\n<p>Durante a programa\u00e7\u00e3o, Arantes conduziu a referida palestra sobre o uso de webmapas aplicados \u00e0 gest\u00e3o ambiental, destacando o papel da tecnologia no apoio \u00e0s a\u00e7\u00f5es de fiscaliza\u00e7\u00e3o e planejamento. \u201cAs ferramentas de geotecnologia permitem uma leitura mais precisa do territ\u00f3rio, ajudando a identificar altera\u00e7\u00f5es na paisagem, padr\u00f5es de uso do solo e poss\u00edveis irregularidades. Isso amplia a capacidade de resposta das equipes em campo e contribui para decis\u00f5es mais assertivas na prote\u00e7\u00e3o dos recursos naturais\u201d, explicou.<\/p>\n\n\n<div class=\"wp-block-image\">\n<figure class=\"aligncenter size-full\"><img loading=\"lazy\" decoding=\"async\" width=\"857\" height=\"703\" src=\"https:\/\/storage.googleapis.com\/saa-repositorio\/prd\/saa-sites\/cati\/imagens\/2.png\" alt=\"\" class=\"wp-image-24039\"\/><figcaption class=\"wp-element-caption\">Atividades de campo conduzidas pela CATI<\/figcaption><\/figure>\n<\/div>\n\n\n<figure class=\"wp-block-gallery has-nested-images columns-default is-cropped wp-block-gallery-1 is-layout-flex wp-block-gallery-is-layout-flex\">\n<figure class=\"wp-block-image size-large\"><img loading=\"lazy\" decoding=\"async\" width=\"938\" height=\"479\" data-id=\"24042\" src=\"https:\/\/storage.googleapis.com\/saa-repositorio\/prd\/saa-sites\/cati\/imagens\/3.png\" alt=\"\" class=\"wp-image-24042\"\/><\/figure>\n\n\n\n<figure class=\"wp-block-image size-large\"><img loading=\"lazy\" decoding=\"async\" width=\"518\" height=\"635\" data-id=\"24040\" src=\"https:\/\/storage.googleapis.com\/saa-repositorio\/prd\/saa-sites\/cati\/imagens\/4.png\" alt=\"\" class=\"wp-image-24040\"\/><figcaption class=\"wp-element-caption\">Estudos de caso e aplica\u00e7\u00e3o de conhecimentos.<\/figcaption><\/figure>\n\n\n\n<figure class=\"wp-block-image size-large\"><img loading=\"lazy\" decoding=\"async\" width=\"576\" height=\"642\" data-id=\"24041\" src=\"https:\/\/storage.googleapis.com\/saa-repositorio\/prd\/saa-sites\/cati\/imagens\/5.png\" alt=\"\" class=\"wp-image-24041\"\/><\/figure>\n<\/figure>\n\n\n\n<p>A forma\u00e7\u00e3o teve como objetivo atender \u00e0s diretrizes do Comando de Policiamento Ambiental, especialmente no fortalecimento do policiamento rural e das a\u00e7\u00f5es de fiscaliza\u00e7\u00e3o. A proposta foi oferecer aos participantes uma vis\u00e3o sist\u00eamica do ambiente natural e produtivo, capacitando-os a identificar perturba\u00e7\u00f5es antr\u00f3picas e naturais, muitas vezes associadas a infra\u00e7\u00f5es ambientais.<\/p>\n\n\n<div class=\"wp-block-image\">\n<figure class=\"aligncenter size-full\"><img loading=\"lazy\" decoding=\"async\" width=\"737\" height=\"413\" src=\"https:\/\/storage.googleapis.com\/saa-repositorio\/prd\/saa-sites\/cati\/imagens\/6.jpg\" alt=\"\" class=\"wp-image-24045\"\/><\/figure>\n<\/div>\n\n\n<p>Para o capit\u00e3o da Pol\u00edcia Militar Ambiental, Andr\u00e9 Manoel, o impacto da capacita\u00e7\u00e3o vai al\u00e9m da sala de aula. \u201cEssa forma\u00e7\u00e3o t\u00e9cnica amplia nossa capacidade de atuar na preserva\u00e7\u00e3o da ordem p\u00fablica, assim como na fiscaliza\u00e7\u00e3o de infra\u00e7\u00f5es contra o meio ambiente em \u00e1reas especialmente protegidas, contra a flora e fauna, assim como pesca, o combate \u00e0s queimadas, ao tr\u00e1fico de animais, dentre outras\u201d, destacou, frisando que \u201ctrabalhar de forma integrada com a \u00e1rea agr\u00edcola \u00e9 essencial para resultados mais efetivos\u201d.<\/p>\n","protected":false},"excerpt":{"rendered":"<p>Ao promover o di\u00e1logo entre extens\u00e3o rural, pesquisa, Defesa Agropecu\u00e1ria e seguran\u00e7a p\u00fablica, a iniciativa refor\u00e7ou o conceito de que n\u00e3o h\u00e1 desenvolvimento sustent\u00e1vel sem conserva\u00e7\u00e3o; e nem conserva\u00e7\u00e3o eficaz sem coopera\u00e7\u00e3o Em um momento marcado por desafios crescentes na preserva\u00e7\u00e3o ambiental e no uso sustent\u00e1vel do territ\u00f3rio rural, uma parceria entre a CATI (Diretoria [&hellip;]<\/p>\n","protected":false},"author":21,"featured_media":24047,"comment_status":"open","ping_status":"open","sticky":false,"template":"","format":"standard","meta":{"_acf_changed":false,"footnotes":""},"categories":[1],"tags":[33,204,149,67,581,55],"class_list":["post-24037","post","type-post","status-publish","format-standard","has-post-thumbnail","hentry","category-sem-categoria","tag-cati","tag-defesa-agropecuaria","tag-fazenda-santa-elisa-iac","tag-instituto-agronomico","tag-policia-militar-ambiental","tag-saa"],"acf":[],"_links":{"self":[{"href":"https:\/\/agricultura.sp.gov.br\/cati\/wp-json\/wp\/v2\/posts\/24037","targetHints":{"allow":["GET"]}}],"collection":[{"href":"https:\/\/agricultura.sp.gov.br\/cati\/wp-json\/wp\/v2\/posts"}],"about":[{"href":"https:\/\/agricultura.sp.gov.br\/cati\/wp-json\/wp\/v2\/types\/post"}],"author":[{"embeddable":true,"href":"https:\/\/agricultura.sp.gov.br\/cati\/wp-json\/wp\/v2\/users\/21"}],"replies":[{"embeddable":true,"href":"https:\/\/agricultura.sp.gov.br\/cati\/wp-json\/wp\/v2\/comments?post=24037"}],"version-history":[{"count":4,"href":"https:\/\/agricultura.sp.gov.br\/cati\/wp-json\/wp\/v2\/posts\/24037\/revisions"}],"predecessor-version":[{"id":24060,"href":"https:\/\/agricultura.sp.gov.br\/cati\/wp-json\/wp\/v2\/posts\/24037\/revisions\/24060"}],"wp:featuredmedia":[{"embeddable":true,"href":"https:\/\/agricultura.sp.gov.br\/cati\/wp-json\/wp\/v2\/media\/24047"}],"wp:attachment":[{"href":"https:\/\/agricultura.sp.gov.br\/cati\/wp-json\/wp\/v2\/media?parent=24037"}],"wp:term":[{"taxonomy":"category","embeddable":true,"href":"https:\/\/agricultura.sp.gov.br\/cati\/wp-json\/wp\/v2\/categories?post=24037"},{"taxonomy":"post_tag","embeddable":true,"href":"https:\/\/agricultura.sp.gov.br\/cati\/wp-json\/wp\/v2\/tags?post=24037"}],"curies":[{"name":"wp","href":"https:\/\/api.w.org\/{rel}","templated":true}]}}