{"id":24032,"date":"2026-04-01T10:16:02","date_gmt":"2026-04-01T13:16:02","guid":{"rendered":"https:\/\/agricultura.sp.gov.br\/cati\/?p=24032"},"modified":"2026-04-01T10:16:03","modified_gmt":"2026-04-01T13:16:03","slug":"casa-da-agricultura-de-ubatuba-orienta-pescadores-sobre-nova-exigencia-fiscal-e-reforca-papel-tecnico-da-cati-no-litoral-norte","status":"publish","type":"post","link":"https:\/\/agricultura.sp.gov.br\/cati\/2026\/04\/01\/casa-da-agricultura-de-ubatuba-orienta-pescadores-sobre-nova-exigencia-fiscal-e-reforca-papel-tecnico-da-cati-no-litoral-norte\/","title":{"rendered":"Casa da Agricultura de Ubatuba orienta pescadores sobre nova exig\u00eancia fiscal e refor\u00e7a papel t\u00e9cnico da CATI no litoral norte"},"content":{"rendered":"\n<p>Em uma a\u00e7\u00e3o de orienta\u00e7\u00e3o t\u00e9cnica realizada em parceria com a Col\u00f4nia de Pescadores Z10 \u201cMinistro Fernando Costa\u201d, a Casa da Agricultura de Ubatuba \u2013 ligada \u00e0 CATI Regional Santos \u2013 promoveu, no dia 26 de mar\u00e7o, um encontro estrat\u00e9gico para esclarecer d\u00favidas sobre a obrigatoriedade da Nota Fiscal do Produtor Eletr\u00f4nica (NF-e) que, desde janeiro, foi estendida aos pescadores artesanais profissionais, em uma medida que impactou diretamente a rotina da categoria. A iniciativa reafirma o papel da CATI como \u00f3rg\u00e3o respons\u00e1vel pelas a\u00e7\u00f5es de assist\u00eancia t\u00e9cnica e extens\u00e3o rural na Secretaria de Agricultura e Abastecimento e agente de presta\u00e7\u00e3o de servi\u00e7o p\u00fablico voltado \u00e0 regulariza\u00e7\u00e3o e ao fortalecimento das atividades produtivas no campo e no mar.<\/p>\n\n\n\n<p>Cerca de 40 pescadores e pescadoras participaram da roda de conversa, que, segundo Ma\u00edra Formis, especialista ambiental da Casa da Agricultura de Ubatuba, teve car\u00e1ter t\u00e9cnico, com explica\u00e7\u00f5es detalhadas sobre cadastro, emiss\u00e3o e uso correto da nota fiscal eletr\u00f4nica, agora obrigat\u00f3ria tamb\u00e9m para pescadores profissionais artesanais desde 5 de janeiro de 2026.<\/p>\n\n\n\n<p>\u201cA nota fiscal \u00e9 uma novidade e traz custos, por isso n\u00f3s precisamos de informa\u00e7\u00e3o para entender melhor. Mas sabemos tamb\u00e9m que, sem a documenta\u00e7\u00e3o correta, n\u00f3s podemos perder o produto na fiscaliza\u00e7\u00e3o e, como o pescado \u00e9 perec\u00edvel, isso significa um grande preju\u00edzo, pois ele precisa ser vendido fresco\u201d, avaliou um dos diretores da Col\u00f4nia, Rosildo de Paula.<\/p>\n\n\n\n<p>A capacita\u00e7\u00e3o foi conduzida pelo contador Jo\u00e3o Batista Bueno de Aguiar, que apresentou o passo a passo para ades\u00e3o ao sistema, al\u00e9m de esclarecer pontos cr\u00edticos levantados pelos participantes, como exig\u00eancias fiscais, tipos de embarca\u00e7\u00e3o, licenciamento, declara\u00e7\u00e3o de esp\u00e9cies e integra\u00e7\u00e3o com meios de pagamento.<\/p>\n\n\n\n<p>As d\u00favidas evidenciaram o impacto pr\u00e1tico da nova legisla\u00e7\u00e3o no cotidiano da pesca artesanal, especialmente diante da necessidade de adapta\u00e7\u00e3o tecnol\u00f3gica e dos custos envolvidos. Ainda assim, a regulariza\u00e7\u00e3o foi destacada como essencial para garantir seguran\u00e7a jur\u00eddica e evitar preju\u00edzos, sobretudo em um setor marcado pela comercializa\u00e7\u00e3o de produtos altamente perec\u00edveis.<\/p>\n\n\n\n<p>Durante o evento, o m\u00e9dico-veterin\u00e1rio Carlos Kawatani, respons\u00e1vel pela Casa da Agricultura de Ubatuba, destacou o car\u00e1ter p\u00fablico e orientador da iniciativa: \u201cNosso papel, enquanto CATI, \u00e9 estar ao lado do produtor e do pescador neste momento de transi\u00e7\u00e3o, oferecendo informa\u00e7\u00e3o qualificada e apoio t\u00e9cnico para que ningu\u00e9m fique para tr\u00e1s diante das novas exig\u00eancias legais.\u201d<\/p>\n\n\n\n<p>Esta a\u00e7\u00e3o em Ubatuba evidencia como a assist\u00eancia t\u00e9cnica p\u00fablica vai al\u00e9m da produ\u00e7\u00e3o, atuando tamb\u00e9m na inclus\u00e3o fiscal e na sustentabilidade econ\u00f4mica n\u00e3o apenas das comunidades rurais do interior de S\u00e3o Paulo, mas tamb\u00e9m da \u00e1rea litor\u00e2nea.<\/p>\n\n\n\n<figure class=\"wp-block-gallery has-nested-images columns-default is-cropped wp-block-gallery-1 is-layout-flex wp-block-gallery-is-layout-flex\">\n<figure class=\"wp-block-image size-large\"><img loading=\"lazy\" decoding=\"async\" width=\"768\" height=\"1024\" data-id=\"24035\" src=\"https:\/\/storage.googleapis.com\/saa-repositorio\/prd\/saa-sites\/cati\/imagens\/WhatsApp-Image-2026-03-26-at-15.24.27-768x1024.jpeg\" alt=\"\" class=\"wp-image-24035\"\/><\/figure>\n\n\n\n<figure class=\"wp-block-image size-large\"><img loading=\"lazy\" decoding=\"async\" width=\"768\" height=\"1024\" data-id=\"24034\" src=\"https:\/\/storage.googleapis.com\/saa-repositorio\/prd\/saa-sites\/cati\/imagens\/WhatsApp-Image-2026-03-26-at-15.24.28-768x1024.jpeg\" alt=\"\" class=\"wp-image-24034\"\/><\/figure>\n<\/figure>\n\n\n\n<p><strong>Sobre a obrigatoriedade da NF-e<\/strong><\/p>\n\n\n\n<p>A obrigatoriedade da NF-e decorre do Ajuste Sinief 27\/2024, da Secretaria da Fazenda e Planejamento (Sefaz), que substituiu a antiga Nota Fiscal &#8211; modelo 4 pelos formatos eletr\u00f4nicos.<\/p>\n\n\n\n<p>Como alternativa pr\u00e1tica, a Sefaz indica o uso do aplicativo Nota Fiscal F\u00e1cil, que permite a emiss\u00e3o digital por produtores rurais, microempreendedores individuais (MEIs) e transportadores aut\u00f4nomos de carga (TACs), ampliando o acesso \u00e0 formaliza\u00e7\u00e3o.<\/p>\n\n\n\n<p>Nota Fiscal F\u00e1cil \u2013 NFF (<a href=\"https:\/\/www.defesa.agricultura.sp.gov.br\/noticias\/2026\/gestao-normativa-da-secretaria-da-fazenda-torna-obrigatorio-o-uso-da-nota-fiscal-eletronica-pelo-produtor-rural,2383.html\" target=\"_blank\" rel=\"noreferrer noopener\">https:\/\/www.defesa.agricultura.sp.gov.br\/noticias\/2026\/gestao-normativa-da-secretaria-da-fazenda-torna-obrigatorio-o-uso-da-nota-fiscal-eletronica-pelo-produtor-rural,2383.html<\/a>.<\/p>\n\n\n\n<p>Para saber mais sobre sobre a Nota Fiscal F\u00e1cil, acesse:\u00a0<a href=\"https:\/\/portal.fazenda.sp.gov.br\/servicos\/nff\" target=\"_blank\" rel=\"noreferrer noopener\">https:\/\/portal.fazenda.sp.gov.br\/servicos\/nff<\/a>.<\/p>\n","protected":false},"excerpt":{"rendered":"<p>Em uma a\u00e7\u00e3o de orienta\u00e7\u00e3o t\u00e9cnica realizada em parceria com a Col\u00f4nia de Pescadores Z10 \u201cMinistro Fernando Costa\u201d, a Casa da Agricultura de Ubatuba \u2013 ligada \u00e0 CATI Regional Santos \u2013 promoveu, no dia 26 de mar\u00e7o, um encontro estrat\u00e9gico para esclarecer d\u00favidas sobre a obrigatoriedade da Nota Fiscal do Produtor Eletr\u00f4nica (NF-e) que, desde [&hellip;]<\/p>\n","protected":false},"author":21,"featured_media":24033,"comment_status":"open","ping_status":"open","sticky":false,"template":"","format":"standard","meta":{"_acf_changed":false,"footnotes":""},"categories":[1],"tags":[102,33,41,577,579,578,313,55,580],"class_list":["post-24032","post","type-post","status-publish","format-standard","has-post-thumbnail","hentry","category-sem-categoria","tag-casa-da-agricultura-de-ubatuba","tag-cati","tag-cati-regional-santos","tag-litoral-norte","tag-nf-e","tag-nota-fiscal-do-produtor-eletronica","tag-nota-fiscal-facil","tag-saa","tag-secretaria-da-fazenda-e-planejamento"],"acf":[],"_links":{"self":[{"href":"https:\/\/agricultura.sp.gov.br\/cati\/wp-json\/wp\/v2\/posts\/24032","targetHints":{"allow":["GET"]}}],"collection":[{"href":"https:\/\/agricultura.sp.gov.br\/cati\/wp-json\/wp\/v2\/posts"}],"about":[{"href":"https:\/\/agricultura.sp.gov.br\/cati\/wp-json\/wp\/v2\/types\/post"}],"author":[{"embeddable":true,"href":"https:\/\/agricultura.sp.gov.br\/cati\/wp-json\/wp\/v2\/users\/21"}],"replies":[{"embeddable":true,"href":"https:\/\/agricultura.sp.gov.br\/cati\/wp-json\/wp\/v2\/comments?post=24032"}],"version-history":[{"count":1,"href":"https:\/\/agricultura.sp.gov.br\/cati\/wp-json\/wp\/v2\/posts\/24032\/revisions"}],"predecessor-version":[{"id":24036,"href":"https:\/\/agricultura.sp.gov.br\/cati\/wp-json\/wp\/v2\/posts\/24032\/revisions\/24036"}],"wp:featuredmedia":[{"embeddable":true,"href":"https:\/\/agricultura.sp.gov.br\/cati\/wp-json\/wp\/v2\/media\/24033"}],"wp:attachment":[{"href":"https:\/\/agricultura.sp.gov.br\/cati\/wp-json\/wp\/v2\/media?parent=24032"}],"wp:term":[{"taxonomy":"category","embeddable":true,"href":"https:\/\/agricultura.sp.gov.br\/cati\/wp-json\/wp\/v2\/categories?post=24032"},{"taxonomy":"post_tag","embeddable":true,"href":"https:\/\/agricultura.sp.gov.br\/cati\/wp-json\/wp\/v2\/tags?post=24032"}],"curies":[{"name":"wp","href":"https:\/\/api.w.org\/{rel}","templated":true}]}}