{"id":23367,"date":"2026-03-30T10:19:54","date_gmt":"2026-03-30T13:19:54","guid":{"rendered":"https:\/\/agricultura.sp.gov.br\/cati\/?p=23367"},"modified":"2026-03-30T10:19:54","modified_gmt":"2026-03-30T13:19:54","slug":"parceria-viabiliza-o-plantio-de-165-mudas-nativas-no-parque-da-cati-em-campinas","status":"publish","type":"post","link":"https:\/\/agricultura.sp.gov.br\/cati\/2026\/03\/30\/parceria-viabiliza-o-plantio-de-165-mudas-nativas-no-parque-da-cati-em-campinas\/","title":{"rendered":"Parceria viabiliza o plantio de 165 mudas nativas no Parque da CATI em Campinas"},"content":{"rendered":"\n<p class=\"has-text-align-center\"><em>A\u00e7\u00e3o conjunta entre CATI, IAC, Prefeitura de Campinas e Associa\u00e7\u00e3o Mata Ciliar refor\u00e7a a biodiversidade local e utiliza tecnologia h\u00eddrica para garantir o estabelecimento das esp\u00e9cies<\/em><\/p>\n\n\n\n<p>A Avenida Brasil, na regi\u00e3o do Parque Chapad\u00e3o, em Campinas, ganhou um novo f\u00f4lego verde nos \u00faltimos dias. A sede da Diretoria de Assist\u00eancia T\u00e9cnica Integral (CATI) finalizou uma etapa crucial em seu projeto de revitaliza\u00e7\u00e3o ambiental, com o plantio de 165 mudas de esp\u00e9cies nativas. A iniciativa, que visa ao enriquecimento arb\u00f3reo do Parque da CATI, \u00e9 fruto de uma rede de colabora\u00e7\u00e3o interinstitucional que une preserva\u00e7\u00e3o do bioma local e recupera\u00e7\u00e3o de \u00e1reas verdes urbanas.<\/p>\n\n\n\n<p>O projeto foi viabilizado por meio de uma articula\u00e7\u00e3o estrat\u00e9gica entre a CATI, o Instituto Agron\u00f4mico (IAC-Apta), a Associa\u00e7\u00e3o Mata Ciliar e a Prefeitura Municipal de Campinas. Mais do que uma a\u00e7\u00e3o est\u00e9tica, o plantio seguiu rigorosos protocolos agron\u00f4micos para assegurar que as mudas prosperem no ambiente urbano.<\/p>\n\n\n\n<figure class=\"wp-block-gallery has-nested-images columns-default is-cropped wp-block-gallery-1 is-layout-flex wp-block-gallery-is-layout-flex\">\n<figure class=\"wp-block-image size-large\"><img loading=\"lazy\" decoding=\"async\" width=\"1024\" height=\"576\" data-id=\"23371\" src=\"https:\/\/storage.googleapis.com\/saa-repositorio\/prd\/saa-sites\/cati\/imagens\/plantio-de-mudas-1-1024x576.jpg\" alt=\"\" class=\"wp-image-23371\"\/><\/figure>\n<\/figure>\n\n\n\n<figure class=\"wp-block-gallery has-nested-images columns-default is-cropped wp-block-gallery-2 is-layout-flex wp-block-gallery-is-layout-flex\">\n<figure class=\"wp-block-image size-large\"><img loading=\"lazy\" decoding=\"async\" width=\"1024\" height=\"576\" data-id=\"23374\" src=\"https:\/\/storage.googleapis.com\/saa-repositorio\/prd\/saa-sites\/cati\/imagens\/plantio-de-mudas-2-1-1024x576.jpg\" alt=\"\" class=\"wp-image-23374\"\/><\/figure>\n\n\n\n<figure class=\"wp-block-image size-large\"><img loading=\"lazy\" decoding=\"async\" width=\"1024\" height=\"576\" data-id=\"23373\" src=\"https:\/\/storage.googleapis.com\/saa-repositorio\/prd\/saa-sites\/cati\/imagens\/plantio-de-mudas-3-1-1024x576.jpg\" alt=\"\" class=\"wp-image-23373\"\/><\/figure>\n<\/figure>\n\n\n\n<p><strong>Tecnologia e manejo do solo<\/strong><\/p>\n\n\n\n<p>Para garantir o sucesso do projeto, foram aplicadas t\u00e9cnicas modernas de manejo. Os &#8220;ber\u00e7os&#8221; para plantio foram preparados com maquin\u00e1rio e suporte t\u00e9cnico da Fazenda Santa Elisa (IAC-Apta). O solo recebeu corre\u00e7\u00e3o de acidez e aduba\u00e7\u00e3o com composto org\u00e2nico fornecido pela Usina Verde Sustent\u00e1vel da prefeitura.<\/p>\n\n\n\n<p>Um diferencial t\u00e9cnico da a\u00e7\u00e3o foi o uso de gel para plantio, tecnologia que ret\u00e9m a \u00e1gua junto \u00e0s ra\u00edzes, garantindo a umidade necess\u00e1ria durante a fase cr\u00edtica de adapta\u00e7\u00e3o das mudas ao solo.<\/p>\n\n\n\n<p><strong>Vis\u00e3o de futuro<\/strong><\/p>\n\n\n\n<p>Para o diretor da CATI, Ricardo Pereira, a a\u00e7\u00e3o simboliza a miss\u00e3o da institui\u00e7\u00e3o de ser um modelo de boas pr\u00e1ticas ambientais.<\/p>\n\n\n\n<p>&#8220;Este enriquecimento arb\u00f3reo n\u00e3o \u00e9 apenas um ganho para a nossa sede, mas um presente para a cidade de Campinas e um exemplo do que a uni\u00e3o entre institui\u00e7\u00f5es p\u00fablicas e o terceiro setor pode realizar&#8221;, afirma.<\/p>\n\n\n\n<p>&#8220;Ao transformarmos o Parque da CATI com esp\u00e9cies nativas e tecnologia de manejo, queremos enfatizar que a assist\u00eancia t\u00e9cnica e a preserva\u00e7\u00e3o ambiental caminham juntas. Nosso objetivo \u00e9 que este espa\u00e7o sirva de inspira\u00e7\u00e3o para outras \u00e1reas urbanas e lembre que \u00e9 poss\u00edvel aliar o desenvolvimento institucional \u00e0 sustentabilidade pr\u00e1tica e efetiva&#8221;, complementa.<\/p>\n\n\n\n<p>As mudas plantadas foram doadas pela Associa\u00e7\u00e3o Mata Ciliar de Jundia\u00ed, pelo Viveiro Municipal de Campinas e pela CATI Sementes e Mudas. O apoio operacional contou com o esfor\u00e7o conjunto de servidores das institui\u00e7\u00f5es envolvidas.<\/p>\n\n\n\n<p>A execu\u00e7\u00e3o direta do plantio foi acompanhada por uma equipe t\u00e9cnica dedicada, refor\u00e7ando o papel das institui\u00e7\u00f5es ligadas \u00e0 Secretaria de Agricultura e Abastecimento (SAA-SP) na vanguarda da recupera\u00e7\u00e3o ambiental no territ\u00f3rio paulista.<\/p>\n\n\n<div class=\"wp-block-image\">\n<figure class=\"aligncenter size-large is-resized\"><img loading=\"lazy\" decoding=\"async\" width=\"576\" height=\"1024\" src=\"https:\/\/storage.googleapis.com\/saa-repositorio\/prd\/saa-sites\/cati\/imagens\/IMG-20260211-WA0073.jpg-576x1024.jpeg\" alt=\"\" class=\"wp-image-23368\" style=\"width:504px;height:auto\"\/><\/figure>\n<\/div>\n\n\n<p><\/p>\n\n\n<div class=\"wp-block-image\">\n<figure class=\"aligncenter size-large is-resized\"><img loading=\"lazy\" decoding=\"async\" width=\"1024\" height=\"473\" src=\"https:\/\/storage.googleapis.com\/saa-repositorio\/prd\/saa-sites\/cati\/imagens\/20260128_110622.jpg-1024x473.jpeg\" alt=\"\" class=\"wp-image-23369\" style=\"aspect-ratio:2.1649484536082473;width:662px;height:auto\"\/><\/figure>\n<\/div>\n\n\n<p><strong>Expressamos nosso reconhecimento aos servidores que atuaram diretamente na execu\u00e7\u00e3o:<\/strong><strong><\/strong><\/p>\n\n\n\n<p>Ricardo&nbsp;Domingos Luiz Pereira (CATI),&nbsp; Jairo Tcatchenco (CATI), Silvana Cristina Cuchi (CATI), Daniel Paulo Menegatti (CATI), Raimundo Gon\u00e7alves Monteiro (CATI), Roberto Maximiniano (CATI),&nbsp;Francisco de Assis Leit\u00e3o de Moraes (IAC-Apta), Lucicleide Maria de Souza Barbosa (Associa\u00e7\u00e3o Mata Ciliar)&nbsp;e Marco Brito (Viveiro Municipal Engenheiro Ot\u00e1vio Tisseli Filho).&nbsp;<\/p>\n\n\n\n<p><strong>Apoio Estrat\u00e9gico:<\/strong><\/p>\n\n\n\n<p>Gerson Cazentini Filho (CATI Sementes e Mudas) e Vinicius Roberto da Silva (Fazenda Santa Elisa\/IAC-Apta).<strong><\/strong><\/p>\n","protected":false},"excerpt":{"rendered":"<p>A\u00e7\u00e3o conjunta entre CATI, IAC, Prefeitura de Campinas e Associa\u00e7\u00e3o Mata Ciliar refor\u00e7a a biodiversidade local e utiliza tecnologia h\u00eddrica para garantir o estabelecimento das esp\u00e9cies A Avenida Brasil, na regi\u00e3o do Parque Chapad\u00e3o, em Campinas, ganhou um novo f\u00f4lego verde nos \u00faltimos dias. A sede da Diretoria de Assist\u00eancia T\u00e9cnica Integral (CATI) finalizou uma [&hellip;]<\/p>\n","protected":false},"author":21,"featured_media":23375,"comment_status":"open","ping_status":"open","sticky":false,"template":"","format":"standard","meta":{"_acf_changed":false,"footnotes":""},"categories":[1],"tags":[574,33,91,149,161,320,55,576,575],"class_list":["post-23367","post","type-post","status-publish","format-standard","has-post-thumbnail","hentry","category-sem-categoria","tag-associacao-mata-ciliar","tag-cati","tag-cati-sementes-e-mudas","tag-fazenda-santa-elisa-iac","tag-iac","tag-prefeitura-municipal-de-campinas","tag-saa","tag-viveiro-municipal-de-campinas","tag-viveiro-municipal-engenheiro-otavio-tisseli-filho"],"acf":[],"_links":{"self":[{"href":"https:\/\/agricultura.sp.gov.br\/cati\/wp-json\/wp\/v2\/posts\/23367","targetHints":{"allow":["GET"]}}],"collection":[{"href":"https:\/\/agricultura.sp.gov.br\/cati\/wp-json\/wp\/v2\/posts"}],"about":[{"href":"https:\/\/agricultura.sp.gov.br\/cati\/wp-json\/wp\/v2\/types\/post"}],"author":[{"embeddable":true,"href":"https:\/\/agricultura.sp.gov.br\/cati\/wp-json\/wp\/v2\/users\/21"}],"replies":[{"embeddable":true,"href":"https:\/\/agricultura.sp.gov.br\/cati\/wp-json\/wp\/v2\/comments?post=23367"}],"version-history":[{"count":2,"href":"https:\/\/agricultura.sp.gov.br\/cati\/wp-json\/wp\/v2\/posts\/23367\/revisions"}],"predecessor-version":[{"id":23377,"href":"https:\/\/agricultura.sp.gov.br\/cati\/wp-json\/wp\/v2\/posts\/23367\/revisions\/23377"}],"wp:featuredmedia":[{"embeddable":true,"href":"https:\/\/agricultura.sp.gov.br\/cati\/wp-json\/wp\/v2\/media\/23375"}],"wp:attachment":[{"href":"https:\/\/agricultura.sp.gov.br\/cati\/wp-json\/wp\/v2\/media?parent=23367"}],"wp:term":[{"taxonomy":"category","embeddable":true,"href":"https:\/\/agricultura.sp.gov.br\/cati\/wp-json\/wp\/v2\/categories?post=23367"},{"taxonomy":"post_tag","embeddable":true,"href":"https:\/\/agricultura.sp.gov.br\/cati\/wp-json\/wp\/v2\/tags?post=23367"}],"curies":[{"name":"wp","href":"https:\/\/api.w.org\/{rel}","templated":true}]}}