{"id":23356,"date":"2026-03-27T13:14:53","date_gmt":"2026-03-27T16:14:53","guid":{"rendered":"https:\/\/agricultura.sp.gov.br\/cati\/?p=23356"},"modified":"2026-03-27T13:14:54","modified_gmt":"2026-03-27T16:14:54","slug":"mes-internacional-da-mulher-mulheres-do-campo-ganham-voz-e-forca-em-celebracoes-realizadas-em-estrela-doeste-e-ouroeste-municipios-ligados-a-cati-regional-fernandopolis","status":"publish","type":"post","link":"https:\/\/agricultura.sp.gov.br\/cati\/2026\/03\/27\/mes-internacional-da-mulher-mulheres-do-campo-ganham-voz-e-forca-em-celebracoes-realizadas-em-estrela-doeste-e-ouroeste-municipios-ligados-a-cati-regional-fernandopolis\/","title":{"rendered":"M\u00eas Internacional da Mulher: mulheres do campo ganham voz e for\u00e7a em celebra\u00e7\u00f5es realizadas em Estrela d\u2019Oeste e Ouroeste, munic\u00edpios ligados \u00e0 CATI Regional Fernand\u00f3polis"},"content":{"rendered":"\n<p class=\"has-text-align-center\"><em>Entre hist\u00f3rias de luta, supera\u00e7\u00e3o e esperan\u00e7a, agricultoras de Estrela d\u2019Oeste e Ouroeste encontraram, nos eventos promovidos pelas Casas da Agricultura locais, nos dias 3 e 6 de mar\u00e7o, mais do que uma homenagem ao Dia Internacional da Mulher: um espa\u00e7o de acolhimento, troca e fortalecimento para quem sustenta, todos os dias, a base do campo<\/em><\/p>\n\n\n\n<figure class=\"wp-block-image size-large\"><img loading=\"lazy\" decoding=\"async\" width=\"1024\" height=\"768\" src=\"https:\/\/storage.googleapis.com\/saa-repositorio\/prd\/saa-sites\/cati\/imagens\/IMG-20260327-WA0006-1024x768.jpg\" alt=\"\" class=\"wp-image-23365\"\/><\/figure>\n\n\n\n<p>As comemora\u00e7\u00f5es do M\u00eas Internacional da Mulher (cujo \u00e1pice \u00e9 celebrado em 8\/3) realizadas em Estrela d\u2019Oeste e Ouroeste foram al\u00e9m de eventos simb\u00f3licos. Com organiza\u00e7\u00e3o das Casas da Agricultura locais e apoio da CATI Regional Fernand\u00f3polis, as iniciativas colocaram no centro do debate o protagonismo feminino no meio rural e os desafios enfrentados.<\/p>\n\n\n\n<p>Em Estrela d\u2019Oeste, o encontro reuniu produtoras rurais e suas fam\u00edlias em uma programa\u00e7\u00e3o voltada \u00e0 conscientiza\u00e7\u00e3o e ao empoderamento. Temas como viol\u00eancia contra a mulher e motiva\u00e7\u00e3o deram o tom das palestras, criando um ambiente de escuta ativa e troca de experi\u00eancias.<\/p>\n\n\n\n<figure class=\"wp-block-gallery has-nested-images columns-default is-cropped wp-block-gallery-1 is-layout-flex wp-block-gallery-is-layout-flex\">\n<figure class=\"wp-block-image size-large\"><img loading=\"lazy\" decoding=\"async\" width=\"1024\" height=\"768\" data-id=\"23359\" src=\"https:\/\/storage.googleapis.com\/saa-repositorio\/prd\/saa-sites\/cati\/imagens\/IMG-20260327-WA0008-1024x768.jpg\" alt=\"\" class=\"wp-image-23359\"\/><\/figure>\n\n\n\n<figure class=\"wp-block-image size-large\"><img loading=\"lazy\" decoding=\"async\" width=\"1024\" height=\"768\" data-id=\"23358\" src=\"https:\/\/storage.googleapis.com\/saa-repositorio\/prd\/saa-sites\/cati\/imagens\/IMG-20260327-WA0007-1024x768.jpg\" alt=\"\" class=\"wp-image-23358\"\/><\/figure>\n<\/figure>\n\n\n\n<p>A engenheira agr\u00f4noma Monalisa Verginia Felicio Ferreira, da Casa da Agricultura de Estrela d\u2019Oeste, destacou a import\u00e2ncia de criar espa\u00e7os como esse para as mulheres do campo. \u201cOs encontros proporcionaram um espa\u00e7o de reflex\u00e3o e conscientiza\u00e7\u00e3o sobre as diversas realidades enfrentadas pelas mulheres na agricultura, um setor fundamental para a economia, mas que, muitas vezes, \u00e9 permeado por desafios e desigualdades de g\u00eanero. Nesses eventos podem mostrar para cada mulher que ela n\u00e3o est\u00e1 sozinha. Quando compartilhamos nossas hist\u00f3rias, dificuldades e conquistas, fortalecemos umas \u00e0s outras e nos reconhecemos como protagonistas no campo\u201d, afirmou.<\/p>\n\n\n\n<p>A atua\u00e7\u00e3o da CATI na regi\u00e3o, por meio das Casas da Agricultura, tem sido fundamental para viabilizar a\u00e7\u00f5es que v\u00e3o al\u00e9m da assist\u00eancia t\u00e9cnica voltada ao desenvolvimento rural sustent\u00e1vel das cadeias produtivas, alcan\u00e7ando tamb\u00e9m o desenvolvimento social e humano das comunidades rurais. \u201cCotidianamente, realizamos a\u00e7\u00f5es e projetos que promovem a maior inser\u00e7\u00e3o das mulheres nas pol\u00edticas p\u00fablicas e na gest\u00e3o das propriedades. Por isso, neste evento trouxemos palestras interativas, conduzidas por especialistas, que abordaram desde direitos das mulheres at\u00e9 incentivo \u00e0 autoconfian\u00e7a, ampliando o acesso \u00e0 informa\u00e7\u00e3o e \u00e0 rede de apoio\u201d, explica Monalisa.<\/p>\n\n\n\n<p>J\u00e1 em Ouroeste, o segundo encontro manteve o foco na valoriza\u00e7\u00e3o feminina, trazendo \u00e0 tona discuss\u00f5es sobre sa\u00fade mental, qualidade de vida e os m\u00faltiplos pap\u00e9is desempenhados pelas mulheres no campo. As atividades refor\u00e7aram a import\u00e2ncia do cuidado emocional, especialmente diante das jornadas duplas e, muitas vezes, invis\u00edveis.<\/p>\n\n\n\n<figure class=\"wp-block-gallery has-nested-images columns-default is-cropped wp-block-gallery-2 is-layout-flex wp-block-gallery-is-layout-flex\">\n<figure class=\"wp-block-image size-large\"><img loading=\"lazy\" decoding=\"async\" width=\"1024\" height=\"768\" data-id=\"23362\" src=\"https:\/\/storage.googleapis.com\/saa-repositorio\/prd\/saa-sites\/cati\/imagens\/IMG-20260327-WA0011-1024x768.jpg\" alt=\"\" class=\"wp-image-23362\"\/><\/figure>\n\n\n\n<figure class=\"wp-block-image size-large\"><img loading=\"lazy\" decoding=\"async\" width=\"768\" height=\"1024\" data-id=\"23360\" src=\"https:\/\/storage.googleapis.com\/saa-repositorio\/prd\/saa-sites\/cati\/imagens\/IMG-20260327-WA0010-768x1024.jpg\" alt=\"\" class=\"wp-image-23360\"\/><\/figure>\n<\/figure>\n\n\n\n<p>Al\u00e9m dos momentos de reflex\u00e3o, a programa\u00e7\u00e3o tamb\u00e9m abriu espa\u00e7o para descontra\u00e7\u00e3o e integra\u00e7\u00e3o, com atividades como bingo e sorteios, fortalecendo os la\u00e7os comunit\u00e1rios entre as participantes, um aspecto essencial para a constru\u00e7\u00e3o de uma rede de apoio s\u00f3lida no meio rural.<\/p>\n\n\n\n<p>Para a CATI Regional de Fernand\u00f3polis, iniciativas como essas refor\u00e7am o compromisso com o desenvolvimento sustent\u00e1vel do campo, reconhecendo que a inclus\u00e3o, o fortalecimento e o respeito \u00e0s mulheres \u00e9 pe\u00e7a-chave para o avan\u00e7o da agropecu\u00e1ria na regi\u00e3o, com gera\u00e7\u00e3o de renda, emprego e qualidade de vida. Ao final dos encontros, o sentimento compartilhado foi de uni\u00e3o e renova\u00e7\u00e3o. \u201cOs eventos realizados em Estrela d&#8217;Oeste e Ouroeste foram uma prova de que, por meio da uni\u00e3o e do di\u00e1logo, \u00e9 poss\u00edvel promover mudan\u00e7as significativas. Ao final dos encontros, os sorrisos e abra\u00e7os entre as participantes evidenciaram que a luta por igualdade e respeito continua, refor\u00e7ando o papel das mulheres na agricultura e na sociedade. Que essas comemora\u00e7\u00f5es sirvam de inspira\u00e7\u00e3o para novas iniciativas que celebrem e fortale\u00e7am a presen\u00e7a feminina no campo\u201d, avalia Monalisa.<\/p>\n","protected":false},"excerpt":{"rendered":"<p>Entre hist\u00f3rias de luta, supera\u00e7\u00e3o e esperan\u00e7a, agricultoras de Estrela d\u2019Oeste e Ouroeste encontraram, nos eventos promovidos pelas Casas da Agricultura locais, nos dias 3 e 6 de mar\u00e7o, mais do que uma homenagem ao Dia Internacional da Mulher: um espa\u00e7o de acolhimento, troca e fortalecimento para quem sustenta, todos os dias, a base do [&hellip;]<\/p>\n","protected":false},"author":21,"featured_media":23364,"comment_status":"open","ping_status":"open","sticky":false,"template":"","format":"standard","meta":{"_acf_changed":false,"footnotes":""},"categories":[1],"tags":[350,544,33,351,573,55],"class_list":["post-23356","post","type-post","status-publish","format-standard","has-post-thumbnail","hentry","category-sem-categoria","tag-casa-da-agricultura-de-estrela-doeste","tag-casa-da-agricultura-de-ouroeste","tag-cati","tag-cati-regional-fernandopolis","tag-mes-internacional-da-mulher","tag-saa"],"acf":[],"_links":{"self":[{"href":"https:\/\/agricultura.sp.gov.br\/cati\/wp-json\/wp\/v2\/posts\/23356","targetHints":{"allow":["GET"]}}],"collection":[{"href":"https:\/\/agricultura.sp.gov.br\/cati\/wp-json\/wp\/v2\/posts"}],"about":[{"href":"https:\/\/agricultura.sp.gov.br\/cati\/wp-json\/wp\/v2\/types\/post"}],"author":[{"embeddable":true,"href":"https:\/\/agricultura.sp.gov.br\/cati\/wp-json\/wp\/v2\/users\/21"}],"replies":[{"embeddable":true,"href":"https:\/\/agricultura.sp.gov.br\/cati\/wp-json\/wp\/v2\/comments?post=23356"}],"version-history":[{"count":2,"href":"https:\/\/agricultura.sp.gov.br\/cati\/wp-json\/wp\/v2\/posts\/23356\/revisions"}],"predecessor-version":[{"id":23366,"href":"https:\/\/agricultura.sp.gov.br\/cati\/wp-json\/wp\/v2\/posts\/23356\/revisions\/23366"}],"wp:featuredmedia":[{"embeddable":true,"href":"https:\/\/agricultura.sp.gov.br\/cati\/wp-json\/wp\/v2\/media\/23364"}],"wp:attachment":[{"href":"https:\/\/agricultura.sp.gov.br\/cati\/wp-json\/wp\/v2\/media?parent=23356"}],"wp:term":[{"taxonomy":"category","embeddable":true,"href":"https:\/\/agricultura.sp.gov.br\/cati\/wp-json\/wp\/v2\/categories?post=23356"},{"taxonomy":"post_tag","embeddable":true,"href":"https:\/\/agricultura.sp.gov.br\/cati\/wp-json\/wp\/v2\/tags?post=23356"}],"curies":[{"name":"wp","href":"https:\/\/api.w.org\/{rel}","templated":true}]}}