{"id":23136,"date":"2026-03-31T10:07:21","date_gmt":"2026-03-31T13:07:21","guid":{"rendered":"https:\/\/agricultura.sp.gov.br\/cati\/?p=23136"},"modified":"2026-03-31T10:07:22","modified_gmt":"2026-03-31T13:07:22","slug":"diocese-e-cati-fortalecem-comunidades-na-baixada-santista-por-meio-da-economia-solidaria","status":"publish","type":"post","link":"https:\/\/agricultura.sp.gov.br\/cati\/2026\/03\/31\/diocese-e-cati-fortalecem-comunidades-na-baixada-santista-por-meio-da-economia-solidaria\/","title":{"rendered":"Diocese e CATI fortalecem comunidades na Baixada Santista por meio da Economia Solid\u00e1ria"},"content":{"rendered":"\n<p class=\"has-text-align-center\"><em>Em Santos, lan\u00e7amento da Campanha da Fraternidade 2026 celebra tr\u00eas anos de trabalho conjunto entre a CATI Regional e a Diocese, que apoia projetos comunit\u00e1rios e consolidou uma rede sociot\u00e9cnica a servi\u00e7o da vida e da emancipa\u00e7\u00e3o social<\/em><\/p>\n\n\n\n<p>O lan\u00e7amento da Campanha da Fraternidade, que em 2026 tem como tema \u201c<em>Fraternidade e Moradia\u201d, foi <\/em>realizado em Santos e reuniu cerca de 250 pessoas no audit\u00f3rio do Liceu Santista em evento organizado pela Diocese de Santos. Mais do que um ato simb\u00f3lico, o encontro foi a celebra\u00e7\u00e3o de uma parceria que vem transformando realidades: a atua\u00e7\u00e3o conjunta entre a entidade e a CATI no fortalecimento da Economia Solid\u00e1ria \u2013 economia centrada na valoriza\u00e7\u00e3o do ser humano \u2013 na Baixada Santista.<\/p>\n\n\n<div class=\"wp-block-image\">\n<figure class=\"aligncenter size-large\"><img loading=\"lazy\" decoding=\"async\" width=\"1024\" height=\"637\" src=\"https:\/\/storage.googleapis.com\/saa-repositorio\/prd\/saa-sites\/cati\/imagens\/IMG-20260330-WA0004-1024x637.jpg\" alt=\"\" class=\"wp-image-23389\"\/><\/figure>\n<\/div>\n\n\n<p>Durante o evento, a Diocese fez um reconhecimento p\u00fablico \u00e0 CATI em um v\u00eddeo institucional apresentado aos participantes. \u201cO gesto simbolizou a import\u00e2ncia da parceria t\u00e9cnica para que os recursos da Campanha da Fraternidade se transformem em resultados concretos\u201d, explica Newton Jos\u00e9 Rodrigues da Silva, extensionista rural da CATI Regional Santos, que atua h\u00e1 mais de tr\u00eas d\u00e9cadas com as comunidades e tamb\u00e9m no desenvolvimento de a\u00e7\u00f5es de Economia Solid\u00e1ria em modelo de parceria em Redes Sociot\u00e9cnicas.<\/p>\n\n\n\n<p>Nos \u00faltimos tr\u00eas anos, essa parceria fortaleceu comunidades, gerou renda e promoveu dignidade por meio de 19 projetos apoiados pelo Fundo Diocesano de Solidariedade, totalizando R$ 169.377,34 investidos em iniciativas que envolvem aldeias ind\u00edgenas, hortas comunit\u00e1rias, grupos de mulheres, produ\u00e7\u00e3o de bioinsumos, cria\u00e7\u00e3o de peixes, capta\u00e7\u00e3o de \u00e1gua de chuva, energia solar e a\u00e7\u00f5es voltadas \u00e0 seguran\u00e7a alimentar e ao Turismo de Base Comunit\u00e1ria. \u201cAl\u00e9m disso, foram adquiridas roupas de trabalho para jovens que se dedicam \u00e0 coleta de \u00f3leo de cozinha para reciclagem; implantados sistemas de coleta de \u00e1gua de chuva e de energia solar; impulsionada a cria\u00e7\u00e3o de galinhas e peixes em viveiros escavados; adquiridos equipamentos de audiovisual e forma\u00e7\u00e3o de ind\u00edgenas para produ\u00e7\u00e3o de v\u00eddeos e outras pe\u00e7as de comunica\u00e7\u00e3o, bem como equipamentos para uma cozinha sob a gest\u00e3o de mulheres que preparam alimentos com a utiliza\u00e7\u00e3o de plantas da Mata Atl\u00e2ntica\u201d, informa Rodrigues.<\/p>\n\n\n\n<p>No que se refere aos projetos desenvolvidos em parceria com a Diocese, Rodrigues destaca que a ess\u00eancia est\u00e1 na emancipa\u00e7\u00e3o das comunidades envolvidas. \u201cOs recursos da Campanha ganham pot\u00eancia quando encontram organiza\u00e7\u00e3o comunit\u00e1ria e acompanhamento t\u00e9cnico. Nosso papel \u00e9 fortalecer compet\u00eancias locais, apoiar a gest\u00e3o coletiva e garantir que os projetos se sustentem no tempo. \u00c9 desenvolvimento com base na coopera\u00e7\u00e3o e na autogest\u00e3o.\u201d<\/p>\n\n\n\n<p>E os benefici\u00e1rios s\u00e3o un\u00e2nimes em reconhecer a import\u00e2ncia dos projetos realizados por meio dessa parceria. \u201cO apoio a projetos de Economia Solid\u00e1ria promove v\u00ednculos sociais. O projeto que foi realizado para amplia\u00e7\u00e3o do refeit\u00f3rio da nossa aldeia representa mais que recursos, mas sobretudo confian\u00e7a, parceria e compromisso com a vida comunit\u00e1ria, a dignidade e o bem-viver\u201d, afirma Itamirim, lideran\u00e7a da aldeia ind\u00edgena Taba\u00e7u Reko Ypy de Peru\u00edbe.<\/p>\n\n\n\n<p>Outros integrantes de projetos realizados no \u00e2mbito dessa parceria, como Ang\u00e9lica Cruz, da Horta Sustent\u00e1vel Verde Vida de Guaruj\u00e1; Maria da Penha Pedrosa, integrante da Horta Sustent\u00e1vel Santa Cruz dos Navegantes; Francisca Eliene da Silva, da Horta Entre Amigos de S\u00e3o Vicente; Andr\u00e9 Nascimento, da Horta Bons Frutos de Santos; Sergio Popygua, da aldeia Ara Pyau de Mongagu\u00e1; e Silvio Riju, da aldeia Nhandereko\u00e1 de Itanha\u00e9m, s\u00e3o un\u00e2nimes em reconhecer a import\u00e2ncia do financiamento feito pela Diocese de Santos, bem como o apoio t\u00e9cnico e organizacional que recebem da CATI e de parceiros, que t\u00eam possibilitado a concretiza\u00e7\u00e3o de a\u00e7\u00f5es que transformam vidas, com gera\u00e7\u00e3o de renda e sustentabilidade ambiental.&nbsp;<\/p>\n\n\n\n<figure class=\"wp-block-gallery has-nested-images columns-default is-cropped wp-block-gallery-1 is-layout-flex wp-block-gallery-is-layout-flex\">\n<figure class=\"wp-block-image size-large\"><img loading=\"lazy\" decoding=\"async\" width=\"1024\" height=\"768\" data-id=\"23138\" src=\"https:\/\/storage.googleapis.com\/saa-repositorio\/prd\/saa-sites\/cati\/imagens\/IMG-20260311-WA0005-1024x768.jpg\" alt=\"\" class=\"wp-image-23138\"\/><\/figure>\n\n\n\n<figure class=\"wp-block-image size-large\"><img loading=\"lazy\" decoding=\"async\" width=\"1024\" height=\"768\" data-id=\"23391\" src=\"https:\/\/storage.googleapis.com\/saa-repositorio\/prd\/saa-sites\/cati\/imagens\/IMG-20260330-WA0012-1024x768.jpg\" alt=\"\" class=\"wp-image-23391\"\/><\/figure>\n<\/figure>\n\n\n\n<p><strong>Desenvolvimento dos projetos e o papel da extens\u00e3o rural<\/strong><\/p>\n\n\n\n<p>Por tr\u00e1s de cada projeto, h\u00e1 um trabalho permanente de extens\u00e3o rural e a atua\u00e7\u00e3o da CATI que vai al\u00e9m da assist\u00eancia t\u00e9cnica pontual. Extensionistas rurais da Regional Santos e parceiros \u2013 como o F\u00f3rum de Economia Solid\u00e1ria da Baixada Santista, a Funda\u00e7\u00e3o Nacional dos Povos Ind\u00edgenas (Funai), universidades, pastorais e associa\u00e7\u00f5es comunit\u00e1rias \u2013 acompanham constantemente os grupos, desde a elabora\u00e7\u00e3o das propostas at\u00e9 a execu\u00e7\u00e3o e consolida\u00e7\u00e3o das iniciativas, fortalecendo a autogest\u00e3o, o associativismo e a coopera\u00e7\u00e3o, consolidando a\u00e7\u00f5es decisivas para os resultados alcan\u00e7ados.<\/p>\n\n\n\n<figure class=\"wp-block-gallery has-nested-images columns-default is-cropped wp-block-gallery-2 is-layout-flex wp-block-gallery-is-layout-flex\">\n<figure class=\"wp-block-image size-large\"><img loading=\"lazy\" decoding=\"async\" width=\"768\" height=\"1024\" data-id=\"23394\" src=\"https:\/\/storage.googleapis.com\/saa-repositorio\/prd\/saa-sites\/cati\/imagens\/IMG-20260330-WA0006-768x1024.jpg\" alt=\"\" class=\"wp-image-23394\"\/><\/figure>\n\n\n\n<figure class=\"wp-block-image size-large\"><img loading=\"lazy\" decoding=\"async\" width=\"768\" height=\"1024\" data-id=\"23393\" src=\"https:\/\/storage.googleapis.com\/saa-repositorio\/prd\/saa-sites\/cati\/imagens\/IMG-20260330-WA0008-768x1024.jpg\" alt=\"\" class=\"wp-image-23393\"\/><\/figure>\n\n\n\n<figure class=\"wp-block-image size-large\"><img loading=\"lazy\" decoding=\"async\" width=\"574\" height=\"1024\" data-id=\"23392\" src=\"https:\/\/storage.googleapis.com\/saa-repositorio\/prd\/saa-sites\/cati\/imagens\/IMG-20260330-WA0018-574x1024.jpg\" alt=\"\" class=\"wp-image-23392\"\/><\/figure>\n<\/figure>\n\n\n\n<p>Para Hemerson Calgaro, engenheiro agr\u00f4nomo da CATI Regional Santos, o diferencial desse trabalho est\u00e1 na constru\u00e7\u00e3o coletiva. \u201cA experi\u00eancia mostra que os projetos t\u00eam mais chances de sucesso quando s\u00e3o estruturados em rede. A CATI atua de forma permanente junto \u00e0s comunidades, apoiando a produ\u00e7\u00e3o de alimentos, o turismo comunit\u00e1rio e o fortalecimento do associativismo. N\u00e3o se trata apenas de orientar tecnicamente, mas de caminhar junto, construindo solu\u00e7\u00f5es com as pessoas\u201d.<\/p>\n\n\n\n<p>Na Baixada Santista, a parceria entre CATI e Diocese segue semeando futuro, com t\u00e9cnica, compromisso e presen\u00e7a permanente ao lado de quem mais precisa. Dom Joaquim Mol, bispo da Diocese de Santos, em entrevista \u00e0 TV Tribuna, no final do ano passado, esclareceu que a Igreja faz parcerias, pois n\u00e3o tem a pretens\u00e3o de resolver o problema de todas as pessoas e que o papel da Igreja n\u00e3o \u00e9 aquele de uma organiza\u00e7\u00e3o n\u00e3o governamental (ONG) ou de uma associa\u00e7\u00e3o, mas o de alimentar a f\u00e9 e a esperan\u00e7a das pessoas com a for\u00e7a dos ensinamentos de Jesus Cristo, bem como estimular iniciativas vindas de institui\u00e7\u00f5es e lugares diferentes em favor do povo em situa\u00e7\u00e3o de vulnerabilidade.<\/p>\n\n\n\n<figure class=\"wp-block-gallery has-nested-images columns-default is-cropped wp-block-gallery-3 is-layout-flex wp-block-gallery-is-layout-flex\">\n<figure class=\"wp-block-image size-large\"><img loading=\"lazy\" decoding=\"async\" width=\"1024\" height=\"768\" data-id=\"23395\" src=\"https:\/\/storage.googleapis.com\/saa-repositorio\/prd\/saa-sites\/cati\/imagens\/IMG-20260330-WA0009-1024x768.jpg\" alt=\"\" class=\"wp-image-23395\"\/><\/figure>\n\n\n\n<figure class=\"wp-block-image size-large\"><img loading=\"lazy\" decoding=\"async\" width=\"1024\" height=\"768\" data-id=\"23396\" src=\"https:\/\/storage.googleapis.com\/saa-repositorio\/prd\/saa-sites\/cati\/imagens\/IMG-20260330-WA0010-1024x768.jpg\" alt=\"\" class=\"wp-image-23396\"\/><\/figure>\n\n\n\n<figure class=\"wp-block-image size-large\"><img loading=\"lazy\" decoding=\"async\" width=\"1024\" height=\"768\" data-id=\"23400\" src=\"https:\/\/storage.googleapis.com\/saa-repositorio\/prd\/saa-sites\/cati\/imagens\/IMG-20260330-WA0013-1024x768.jpg\" alt=\"\" class=\"wp-image-23400\"\/><\/figure>\n\n\n\n<figure class=\"wp-block-image size-large\"><img loading=\"lazy\" decoding=\"async\" width=\"1024\" height=\"768\" data-id=\"23398\" src=\"https:\/\/storage.googleapis.com\/saa-repositorio\/prd\/saa-sites\/cati\/imagens\/IMG-20260330-WA0019-1024x768.jpg\" alt=\"\" class=\"wp-image-23398\"\/><\/figure>\n<\/figure>\n\n\n\n<p>Hemerson Calgaro avalia que \u201cnesse sentido, a Diocese assumiu o papel de apoio \u00e0 Economia Solid\u00e1ria inserida em uma rede de profissionais que atuam nas comunidades. E os resultados obtidos nos projetos desenvolvidos em parceria com a CATI t\u00eam sido muito bons e, mais uma vez, confirmam que projetos constru\u00eddos e operacionalizados em rede t\u00eam maiores chances de obterem \u00eaxito\u201d.<\/p>\n\n\n\n<figure class=\"wp-block-gallery has-nested-images columns-default is-cropped wp-block-gallery-4 is-layout-flex wp-block-gallery-is-layout-flex\">\n<figure class=\"wp-block-image size-large\"><img loading=\"lazy\" decoding=\"async\" width=\"1024\" height=\"768\" data-id=\"23401\" src=\"https:\/\/storage.googleapis.com\/saa-repositorio\/prd\/saa-sites\/cati\/imagens\/IMG-20260330-WA0003-1024x768.jpg\" alt=\"\" class=\"wp-image-23401\"\/><\/figure>\n\n\n\n<figure class=\"wp-block-image size-large\"><img loading=\"lazy\" decoding=\"async\" width=\"1024\" height=\"768\" data-id=\"23402\" src=\"https:\/\/storage.googleapis.com\/saa-repositorio\/prd\/saa-sites\/cati\/imagens\/IMG-20260330-WA0014-1024x768.jpg\" alt=\"\" class=\"wp-image-23402\"\/><\/figure>\n<\/figure>\n\n\n\n<h2 class=\"wp-block-heading\">F\u00e9, organiza\u00e7\u00e3o e transforma\u00e7\u00e3o social<\/h2>\n\n\n\n<p>Criada em 1924, a Diocese de Santos abrange os nove munic\u00edpios da Baixada Santista e integra a Campanha da Fraternidade, institu\u00edda nacionalmente, em 1964, pela Confer\u00eancia Nacional dos Bispos do Brasil. A cada ano, a campanha mobiliza comunidades em torno de temas sociais urgentes e promove a Coleta Nacional da Solidariedade, destinando 60% dos recursos ao Fundo Diocesano e 40% ao Fundo Nacional.<\/p>\n\n\n\n<p>Na Baixada Santista, a op\u00e7\u00e3o tem sido investir em projetos estruturantes, com foco na Economia Solid\u00e1ria. A l\u00f3gica vai al\u00e9m da assist\u00eancia, pois \u201cbusca-se gerar autonomia, fortalecer v\u00ednculos e criar alternativas sustent\u00e1veis de gera\u00e7\u00e3o de renda\u201d, explica Helenice Queiroz, que, desde 1998, est\u00e1 \u00e0 frente das Campanhas na entidade. Neste contexto, a parceria com a CATI, o F\u00f3rum de Economia Solid\u00e1ria da Baixada Santista, universidades, pastorais e associa\u00e7\u00f5es comunit\u00e1rias consolidou uma rede sociot\u00e9cnica que articula conhecimento, f\u00e9 e compromisso social.<\/p>\n","protected":false},"excerpt":{"rendered":"<p>Em Santos, lan\u00e7amento da Campanha da Fraternidade 2026 celebra tr\u00eas anos de trabalho conjunto entre a CATI Regional e a Diocese, que apoia projetos comunit\u00e1rios e consolidou uma rede sociot\u00e9cnica a servi\u00e7o da vida e da emancipa\u00e7\u00e3o social O lan\u00e7amento da Campanha da Fraternidade, que em 2026 tem como tema \u201cFraternidade e Moradia\u201d, foi realizado [&hellip;]<\/p>\n","protected":false},"author":21,"featured_media":23139,"comment_status":"open","ping_status":"open","sticky":false,"template":"","format":"standard","meta":{"_acf_changed":false,"footnotes":""},"categories":[1],"tags":[550,551,33,41,192,193,56,552,60,55],"class_list":["post-23136","post","type-post","status-publish","format-standard","has-post-thumbnail","hentry","category-sem-categoria","tag-baixada-santista","tag-campanha-da-fraternidade","tag-cati","tag-cati-regional-santos","tag-diocese-de-santos","tag-economia-solidaria","tag-extensao-rural","tag-forum-de-economia-solidaria-da-baixada-santista","tag-funai","tag-saa"],"acf":[],"_links":{"self":[{"href":"https:\/\/agricultura.sp.gov.br\/cati\/wp-json\/wp\/v2\/posts\/23136","targetHints":{"allow":["GET"]}}],"collection":[{"href":"https:\/\/agricultura.sp.gov.br\/cati\/wp-json\/wp\/v2\/posts"}],"about":[{"href":"https:\/\/agricultura.sp.gov.br\/cati\/wp-json\/wp\/v2\/types\/post"}],"author":[{"embeddable":true,"href":"https:\/\/agricultura.sp.gov.br\/cati\/wp-json\/wp\/v2\/users\/21"}],"replies":[{"embeddable":true,"href":"https:\/\/agricultura.sp.gov.br\/cati\/wp-json\/wp\/v2\/comments?post=23136"}],"version-history":[{"count":3,"href":"https:\/\/agricultura.sp.gov.br\/cati\/wp-json\/wp\/v2\/posts\/23136\/revisions"}],"predecessor-version":[{"id":23403,"href":"https:\/\/agricultura.sp.gov.br\/cati\/wp-json\/wp\/v2\/posts\/23136\/revisions\/23403"}],"wp:featuredmedia":[{"embeddable":true,"href":"https:\/\/agricultura.sp.gov.br\/cati\/wp-json\/wp\/v2\/media\/23139"}],"wp:attachment":[{"href":"https:\/\/agricultura.sp.gov.br\/cati\/wp-json\/wp\/v2\/media?parent=23136"}],"wp:term":[{"taxonomy":"category","embeddable":true,"href":"https:\/\/agricultura.sp.gov.br\/cati\/wp-json\/wp\/v2\/categories?post=23136"},{"taxonomy":"post_tag","embeddable":true,"href":"https:\/\/agricultura.sp.gov.br\/cati\/wp-json\/wp\/v2\/tags?post=23136"}],"curies":[{"name":"wp","href":"https:\/\/api.w.org\/{rel}","templated":true}]}}